{"id":9495,"date":"2022-01-28T13:18:19","date_gmt":"2022-01-28T13:18:19","guid":{"rendered":"https:\/\/unissonshaiti.com\/?p=9495"},"modified":"2022-01-28T13:18:22","modified_gmt":"2022-01-28T13:18:22","slug":"assassinat-de-jovenel-moise-michel-joseph-martelly-sort-de-son-silence","status":"publish","type":"post","link":"https:\/\/unissonshaiti.com\/?p=9495","title":{"rendered":"Assassinat de Jovenel Mo\u00efse: Michel Joseph Martelly sort de son silence"},"content":{"rendered":"<div style=\"margin-top: 0px; margin-bottom: 0px;\" class=\"sharethis-inline-share-buttons\" ><\/div>\n<p><strong><em>Port-au-Prince, vendredi 28 janvier 2022[ UNISSONS INFOS] <\/em><\/strong><\/p>\n\n\n\n<p><strong><em>Michel Joseph Martelly, s\u2019est finalement exprim\u00e9 sur l&rsquo;assassinat du feu pr\u00e9sident Jovenel Mo\u00efse, \u00e0 laquelle il fait l\u2019objet d\u2019accusation pour certains, mais pour d\u2019autres et pour lui, il est le premier des journalistes, selon ses dires.<\/em><\/strong><\/p>\n\n\n\n<p>Dans une vid\u00e9o de pr\u00e8s de 4mn diffus\u00e9e sur sa page facebook, l&rsquo;ex pr\u00e9sident de la R\u00e9publique dit avoir d\u00e9cid\u00e9 de faire silence dans ce dossier, en d\u00e9pit du fait qu\u2019il soit point\u00e9 du doigt dans beaucoup de commentaires. \u201cYon pak\u00e8t manipilasyon, mwen menm mwen deside f\u00e8 silans, mwen p ap rantre nan sa\u201d, a-t-il d\u00e9clar\u00e9.\u00a0<\/p>\n\n\n\n<p>Michel Joseph Martelly dans son discours demande aux d\u00e9tracteurs de laisser \u00e0 la justice de faire son travail concernant le dossier de l\u2019enqu\u00eate sur l\u2019assassinat du pr\u00e9sident Mo\u00efse.&nbsp;<\/p>\n\n\n\n<p>\u00ab Laisser le soin \u00e0 la justice de faire son travail. ceux qui perturbent l\u2019enqu\u00eate, salissent la sc\u00e8ne du crime barbare de leurs empreintes et de leurs interf\u00e9rences pour brouiller les pistes, savent qu\u2019il veulent innocenter et qu\u2019ils veulent condamner pour les faire taire\u2026. \u00bb, mart\u00e8le-t-il.<\/p>\n\n\n\n<p>L\u2019ancien chef de l\u2019Etat fait appel \u00e0 l\u2019unit\u00e9 pour sortir le pays de l\u2019impasse dans laquelle il se trouve et permettre aux ha\u00eftiens de vivre dans leur pays.<\/p>\n","protected":false},"excerpt":{"rendered":"<p>Port-au-Prince, vendredi 28 janvier 2022[ UNISSONS INFOS] Michel Joseph Martelly, s\u2019est finalement exprim\u00e9 sur l&rsquo;assassinat du feu pr\u00e9sident Jovenel Mo\u00efse, \u00e0 laquelle il fait l\u2019objet d\u2019accusation pour certains, mais pour d\u2019autres et pour lui, il est le premier des journalistes, selon ses dires. Dans une vid\u00e9o de pr\u00e8s de 4mn diffus\u00e9e sur sa page facebook, &hellip;<\/p>\n","protected":false},"author":4,"featured_media":9496,"comment_status":"open","ping_status":"open","sticky":false,"template":"","format":"standard","meta":{"footnotes":""},"categories":[104],"tags":[],"class_list":["post-9495","post","type-post","status-publish","format-standard","has-post-thumbnail","","category-actualite"],"_links":{"self":[{"href":"https:\/\/unissonshaiti.com\/index.php?rest_route=\/wp\/v2\/posts\/9495","targetHints":{"allow":["GET"]}}],"collection":[{"href":"https:\/\/unissonshaiti.com\/index.php?rest_route=\/wp\/v2\/posts"}],"about":[{"href":"https:\/\/unissonshaiti.com\/index.php?rest_route=\/wp\/v2\/types\/post"}],"author":[{"embeddable":true,"href":"https:\/\/unissonshaiti.com\/index.php?rest_route=\/wp\/v2\/users\/4"}],"replies":[{"embeddable":true,"href":"https:\/\/unissonshaiti.com\/index.php?rest_route=%2Fwp%2Fv2%2Fcomments&post=9495"}],"version-history":[{"count":2,"href":"https:\/\/unissonshaiti.com\/index.php?rest_route=\/wp\/v2\/posts\/9495\/revisions"}],"predecessor-version":[{"id":9498,"href":"https:\/\/unissonshaiti.com\/index.php?rest_route=\/wp\/v2\/posts\/9495\/revisions\/9498"}],"wp:featuredmedia":[{"embeddable":true,"href":"https:\/\/unissonshaiti.com\/index.php?rest_route=\/wp\/v2\/media\/9496"}],"wp:attachment":[{"href":"https:\/\/unissonshaiti.com\/index.php?rest_route=%2Fwp%2Fv2%2Fmedia&parent=9495"}],"wp:term":[{"taxonomy":"category","embeddable":true,"href":"https:\/\/unissonshaiti.com\/index.php?rest_route=%2Fwp%2Fv2%2Fcategories&post=9495"},{"taxonomy":"post_tag","embeddable":true,"href":"https:\/\/unissonshaiti.com\/index.php?rest_route=%2Fwp%2Fv2%2Ftags&post=9495"}],"curies":[{"name":"wp","href":"https:\/\/api.w.org\/{rel}","templated":true}]}}