{"id":9173,"date":"2022-01-07T14:27:21","date_gmt":"2022-01-07T14:27:21","guid":{"rendered":"https:\/\/unissonshaiti.com\/?p=9173"},"modified":"2022-01-07T14:27:25","modified_gmt":"2022-01-07T14:27:25","slug":"fin-de-mandat-du-tiers-senat-le-debat-sagite-entre-les-acteurs","status":"publish","type":"post","link":"https:\/\/unissonshaiti.com\/?p=9173","title":{"rendered":"Fin de mandat du tiers s\u00e9nat : le d\u00e9bat s&rsquo;agite entre les acteurs"},"content":{"rendered":"<div style=\"margin-top: 0px; margin-bottom: 0px;\" class=\"sharethis-inline-share-buttons\" ><\/div>\n<p><strong><em>Port-au-Prince, vendredi 07 janvier 2022[ UNISSONS INFOS] <\/em><\/strong><\/p>\n\n\n\n<p><strong><em>La question du mandat des 10 s\u00e9nateurs agite le d\u00e9bat politique en Ha\u00efti ces derniers jours. Si certains estiment que le mandat des dix s\u00e9nateurs encore en fonction arrive \u00e0 terme le deuxi\u00e8me lundi de ce mois de janvier, d\u2019autres soutiennent que ces s\u00e9nateurs ont un mandat de six ans et doivent, par cons\u00e9quent, rester en poste jusqu\u2019en janvier 2023.<\/em><\/strong><\/p>\n\n\n\n<p>Pour le s\u00e9nateur Youri Latortue. \u00ab Ces s\u00e9nateurs avaient pris fonction en 2011. Ils avaient fait 6 ans et leur mandat avait pris fin en 2017. Les \u00e9lections pour cet actuel tiers du S\u00e9nat auraient d\u00fb \u00eatre organis\u00e9es en octobre 2016. Elles ont \u00e9t\u00e9 r\u00e9alis\u00e9es en octobre 2016 et ces s\u00e9nateurs ont pris fonction en janvier 2017. Ils n\u2019ont souffert d\u2019aucun retard. Ces s\u00e9nateurs ont pris fonction \u00e0 temps en Janvier 2017 et leur mandat prendra fin en janvier 2023 \u00bb, d\u00e9taille le leader du parti politique Ayiti An Aksyon. \u00ab Je suis un homme l\u00e9gal \u00bb, argue-t-il.<\/p>\n\n\n\n<p>Selon le s\u00e9nateur Pierre Paul Patrice Dumont le mandat des \u00e9lus constituant le tiers du S\u00e9nat prendra fin le deuxi\u00e8me lundi de janvier 2023 et le premier ministre Ariel Henry n&rsquo;a aucune provision pour envoyer des \u00e9lus.<\/p>\n\n\n\n<p>Par contre, pour Andr\u00e9 Michel, le Porte-parole du Secteur D\u00e9mocratique et Populaire.\u00ab Le Mandat du Tiers du S\u00e9nat arrivera \u00e0 terme dans 4 Jours.J\u2019appelle le Premier Ministre et son Gouvernement \u00e0 se concentrer sur l\u2019essentiel, \u00e0 savior: la Securit\u00e9 du pays, la justice, le CEP, l\u2019audit de gestion des organismes autonomes et du parlement pendant les 10 derni\u00e8res ann\u00e9es \u00bb,<\/p>\n\n\n\n<p>De son c\u00f4t\u00e9, l\u2019ancien s\u00e9nateur Saurel Jacinthe, signataire de l\u2019accord politique de la Primature et qui a ses repr\u00e9sentants au sein de l\u2019actuel gouvernement, \u00ab sur le plan \u00e9thique, les 10 s\u00e9nateurs en poste doivent partir le deuxi\u00e8me lundi de janvier 2022. Si ces s\u00e9nateurs avaient ent\u00e9rin\u00e9 la d\u00e9cision de mettre fin au mandat du tiers du S\u00e9nat en janvier 2020, avant la fin de leur mandat, ils les ont m\u00eame emp\u00each\u00e9 d\u2019entrer au Parlement, je pense qu\u2019ils doivent partir maintenant \u00bb.<\/p>\n\n\n\n<p>Du c\u00f4t\u00e9 de la primature, on n&rsquo;a encore de pr\u00e9cision puisque le premier ministre lui-m\u00eame ne s\u2019est pas encore prononc\u00e9 sur cette question. Mais,  le Pr\u00e9sident du S\u00e9nat, Joseph Lambert et plusieurs autres de ses coll\u00e8gues affirment ouvertement que le mandat du tiers du s\u00e9nat arrive \u00e0 terme le 2e lundi du mois de Janvier 2023. Le s\u00e9nateur Joseph Lambert compte tout mettre en \u0153uvre pour emp\u00eacher le renvoi de ce tiers du S\u00e9nat. Dans une rencontre avec les agents de s\u00e9curit\u00e9 du palais l\u00e9gislatif, \u00ab l\u2019animal politique \u00bb a demand\u00e9 \u00e0 ces agents de se mettre en position de combat.<\/p>\n","protected":false},"excerpt":{"rendered":"<p>Port-au-Prince, vendredi 07 janvier 2022[ UNISSONS INFOS] La question du mandat des 10 s\u00e9nateurs agite le d\u00e9bat politique en Ha\u00efti ces derniers jours. Si certains estiment que le mandat des dix s\u00e9nateurs encore en fonction arrive \u00e0 terme le deuxi\u00e8me lundi de ce mois de janvier, d\u2019autres soutiennent que ces s\u00e9nateurs ont un mandat de &hellip;<\/p>\n","protected":false},"author":4,"featured_media":9177,"comment_status":"open","ping_status":"open","sticky":false,"template":"","format":"standard","meta":{"footnotes":""},"categories":[105],"tags":[],"class_list":["post-9173","post","type-post","status-publish","format-standard","has-post-thumbnail","","category-politique"],"_links":{"self":[{"href":"https:\/\/unissonshaiti.com\/index.php?rest_route=\/wp\/v2\/posts\/9173","targetHints":{"allow":["GET"]}}],"collection":[{"href":"https:\/\/unissonshaiti.com\/index.php?rest_route=\/wp\/v2\/posts"}],"about":[{"href":"https:\/\/unissonshaiti.com\/index.php?rest_route=\/wp\/v2\/types\/post"}],"author":[{"embeddable":true,"href":"https:\/\/unissonshaiti.com\/index.php?rest_route=\/wp\/v2\/users\/4"}],"replies":[{"embeddable":true,"href":"https:\/\/unissonshaiti.com\/index.php?rest_route=%2Fwp%2Fv2%2Fcomments&post=9173"}],"version-history":[{"count":6,"href":"https:\/\/unissonshaiti.com\/index.php?rest_route=\/wp\/v2\/posts\/9173\/revisions"}],"predecessor-version":[{"id":9180,"href":"https:\/\/unissonshaiti.com\/index.php?rest_route=\/wp\/v2\/posts\/9173\/revisions\/9180"}],"wp:featuredmedia":[{"embeddable":true,"href":"https:\/\/unissonshaiti.com\/index.php?rest_route=\/wp\/v2\/media\/9177"}],"wp:attachment":[{"href":"https:\/\/unissonshaiti.com\/index.php?rest_route=%2Fwp%2Fv2%2Fmedia&parent=9173"}],"wp:term":[{"taxonomy":"category","embeddable":true,"href":"https:\/\/unissonshaiti.com\/index.php?rest_route=%2Fwp%2Fv2%2Fcategories&post=9173"},{"taxonomy":"post_tag","embeddable":true,"href":"https:\/\/unissonshaiti.com\/index.php?rest_route=%2Fwp%2Fv2%2Ftags&post=9173"}],"curies":[{"name":"wp","href":"https:\/\/api.w.org\/{rel}","templated":true}]}}