{"id":8977,"date":"2021-12-16T16:27:19","date_gmt":"2021-12-16T16:27:19","guid":{"rendered":"https:\/\/unissonshaiti.com\/?p=8977"},"modified":"2021-12-16T16:27:20","modified_gmt":"2021-12-16T16:27:20","slug":"haiti-kidnapping-les-derniers-otages-nord-americains-liberes","status":"publish","type":"post","link":"https:\/\/unissonshaiti.com\/?p=8977","title":{"rendered":"Ha\u00efti\/kidnapping :Les derniers otages nord-am\u00e9ricains lib\u00e9r\u00e9s"},"content":{"rendered":"<div style=\"margin-top: 0px; margin-bottom: 0px;\" class=\"sharethis-inline-share-buttons\" ><\/div>\n<p><strong><em>Port-au-Prince, jeudi 16 d\u00e9cembre 2021[ UNISSONS INFOS] <\/em><\/strong><\/p>\n\n\n\n<p><strong><em>Le groupe gang \u00ab 400 mawozo \u00bb op\u00e9rant dans la commune de Croix-des-Bouquets a lib\u00e8r\u00e9 t\u00f4t ce jeudi 16 d\u00e9cembre 2021, les 12 autres missionnaires am\u00e9ricains qu\u2019il avait s\u00e9questr\u00e9s depuis le 16 octobre dernier. L\u2019information a \u00e9t\u00e9 confirm\u00e9e par Garry Desrosiers, porte-parole de la police nationale d\u2019Ha\u00efti.<\/em><\/strong><\/p>\n\n\n\n<p>Ces missionnaires, parmi lesquels figuraient 16 Am\u00e9ricains et un Canadien, avaient \u00e9t\u00e9 enlev\u00e9s alors qu&rsquo;ils circulaient \u00e0 bord d&rsquo;un bus en direction de l&rsquo;a\u00e9roport apr\u00e8s avoir visit\u00e9 un orphelinat.<\/p>\n\n\n\n<p>A titre de rappel, deux d&rsquo;entre eux avaient \u00e9t\u00e9 lib\u00e9r\u00e9s en novembre et trois autres membres de ce groupe ont \u00e9t\u00e9 rel\u00e2ch\u00e9s au d\u00e9but du mois de d\u00e9cembre.<\/p>\n","protected":false},"excerpt":{"rendered":"<p>Port-au-Prince, jeudi 16 d\u00e9cembre 2021[ UNISSONS INFOS] Le groupe gang \u00ab 400 mawozo \u00bb op\u00e9rant dans la commune de Croix-des-Bouquets a lib\u00e8r\u00e9 t\u00f4t ce jeudi 16 d\u00e9cembre 2021, les 12 autres missionnaires am\u00e9ricains qu\u2019il avait s\u00e9questr\u00e9s depuis le 16 octobre dernier. L\u2019information a \u00e9t\u00e9 confirm\u00e9e par Garry Desrosiers, porte-parole de la police nationale d\u2019Ha\u00efti. Ces &hellip;<\/p>\n","protected":false},"author":4,"featured_media":8620,"comment_status":"open","ping_status":"open","sticky":false,"template":"","format":"standard","meta":{"footnotes":""},"categories":[104],"tags":[],"class_list":["post-8977","post","type-post","status-publish","format-standard","has-post-thumbnail","","category-actualite"],"_links":{"self":[{"href":"https:\/\/unissonshaiti.com\/index.php?rest_route=\/wp\/v2\/posts\/8977","targetHints":{"allow":["GET"]}}],"collection":[{"href":"https:\/\/unissonshaiti.com\/index.php?rest_route=\/wp\/v2\/posts"}],"about":[{"href":"https:\/\/unissonshaiti.com\/index.php?rest_route=\/wp\/v2\/types\/post"}],"author":[{"embeddable":true,"href":"https:\/\/unissonshaiti.com\/index.php?rest_route=\/wp\/v2\/users\/4"}],"replies":[{"embeddable":true,"href":"https:\/\/unissonshaiti.com\/index.php?rest_route=%2Fwp%2Fv2%2Fcomments&post=8977"}],"version-history":[{"count":2,"href":"https:\/\/unissonshaiti.com\/index.php?rest_route=\/wp\/v2\/posts\/8977\/revisions"}],"predecessor-version":[{"id":8979,"href":"https:\/\/unissonshaiti.com\/index.php?rest_route=\/wp\/v2\/posts\/8977\/revisions\/8979"}],"wp:featuredmedia":[{"embeddable":true,"href":"https:\/\/unissonshaiti.com\/index.php?rest_route=\/wp\/v2\/media\/8620"}],"wp:attachment":[{"href":"https:\/\/unissonshaiti.com\/index.php?rest_route=%2Fwp%2Fv2%2Fmedia&parent=8977"}],"wp:term":[{"taxonomy":"category","embeddable":true,"href":"https:\/\/unissonshaiti.com\/index.php?rest_route=%2Fwp%2Fv2%2Fcategories&post=8977"},{"taxonomy":"post_tag","embeddable":true,"href":"https:\/\/unissonshaiti.com\/index.php?rest_route=%2Fwp%2Fv2%2Ftags&post=8977"}],"curies":[{"name":"wp","href":"https:\/\/api.w.org\/{rel}","templated":true}]}}