{"id":8783,"date":"2021-12-02T14:07:11","date_gmt":"2021-12-02T14:07:11","guid":{"rendered":"https:\/\/unissonshaiti.com\/?p=8783"},"modified":"2021-12-02T14:07:12","modified_gmt":"2021-12-02T14:07:12","slug":"lex-depute-arnel-belizaire-et-consorts-quittent-la-prison-3-jours-apres-lordonnance-de-la-cour-dappel-de-port-au-prince","status":"publish","type":"post","link":"https:\/\/unissonshaiti.com\/?p=8783","title":{"rendered":"L\u2019ex-D\u00e9put\u00e9 Arnel B\u00e9lizaire et consorts quittent la prison 3 jours apr\u00e8s l\u2019ordonnance de la Cour d\u2019Appel de Port-au-Prince"},"content":{"rendered":"<div style=\"margin-top: 0px; margin-bottom: 0px;\" class=\"sharethis-inline-share-buttons\" ><\/div>\n<p><strong><em>Port-au-Prince, jeudi 02 d\u00e9cembre 2021[ UNISSONS INFOS] <\/em><\/strong><\/p>\n\n\n\n<p><strong><em>L\u2019ex d\u00e9put\u00e9 de Tabarre Arnel Belizaire et consorts sont sortis de la prison civile de la Croix-des-Bouquets hier mercredi 1er d\u00e9cembre 2021, quelques jours apr\u00e8s l\u2019arr\u00eat de la cour d\u2019appel de Port-au-Prince ordonnant leur lib\u00e9ration.<\/em><\/strong><\/p>\n\n\n\n<p>Ces derniers ont b\u00e9n\u00e9fici\u00e9 une d\u00e9cision de main lev\u00e9e d\u2019\u00e9crou de la justice ha\u00eftienne aboutissant \u00e0 leur remise en libert\u00e9 apr\u00e8s deux (2) ans d\u2019incarc\u00e9ration pour d\u00e9tention d\u2019armes ill\u00e9gales \u00e0 feu et de munitions.<\/p>\n\n\n\n<p>Cette d\u00e9cision concerne \u00e9galement d\u2019autres militants politiques tels que Killick, Markenton\u2026Ils \u00e9taient tous accus\u00e9s de complot contre la s\u00fbret\u00e9 int\u00e9rieure de l\u2019\u00c9tat lors de leur arrestation dans la nuit du 29 au 30 novembre 2019 dans le d\u00e9partement du Sud-est,  pr\u00e9cis\u00e9ment \u00e0 Jacmel.<\/p>\n","protected":false},"excerpt":{"rendered":"<p>Port-au-Prince, jeudi 02 d\u00e9cembre 2021[ UNISSONS INFOS] L\u2019ex d\u00e9put\u00e9 de Tabarre Arnel Belizaire et consorts sont sortis de la prison civile de la Croix-des-Bouquets hier mercredi 1er d\u00e9cembre 2021, quelques jours apr\u00e8s l\u2019arr\u00eat de la cour d\u2019appel de Port-au-Prince ordonnant leur lib\u00e9ration. Ces derniers ont b\u00e9n\u00e9fici\u00e9 une d\u00e9cision de main lev\u00e9e d\u2019\u00e9crou de la justice &hellip;<\/p>\n","protected":false},"author":4,"featured_media":8784,"comment_status":"open","ping_status":"open","sticky":false,"template":"","format":"standard","meta":{"footnotes":""},"categories":[104],"tags":[],"class_list":["post-8783","post","type-post","status-publish","format-standard","has-post-thumbnail","","category-actualite"],"_links":{"self":[{"href":"https:\/\/unissonshaiti.com\/index.php?rest_route=\/wp\/v2\/posts\/8783","targetHints":{"allow":["GET"]}}],"collection":[{"href":"https:\/\/unissonshaiti.com\/index.php?rest_route=\/wp\/v2\/posts"}],"about":[{"href":"https:\/\/unissonshaiti.com\/index.php?rest_route=\/wp\/v2\/types\/post"}],"author":[{"embeddable":true,"href":"https:\/\/unissonshaiti.com\/index.php?rest_route=\/wp\/v2\/users\/4"}],"replies":[{"embeddable":true,"href":"https:\/\/unissonshaiti.com\/index.php?rest_route=%2Fwp%2Fv2%2Fcomments&post=8783"}],"version-history":[{"count":2,"href":"https:\/\/unissonshaiti.com\/index.php?rest_route=\/wp\/v2\/posts\/8783\/revisions"}],"predecessor-version":[{"id":8786,"href":"https:\/\/unissonshaiti.com\/index.php?rest_route=\/wp\/v2\/posts\/8783\/revisions\/8786"}],"wp:featuredmedia":[{"embeddable":true,"href":"https:\/\/unissonshaiti.com\/index.php?rest_route=\/wp\/v2\/media\/8784"}],"wp:attachment":[{"href":"https:\/\/unissonshaiti.com\/index.php?rest_route=%2Fwp%2Fv2%2Fmedia&parent=8783"}],"wp:term":[{"taxonomy":"category","embeddable":true,"href":"https:\/\/unissonshaiti.com\/index.php?rest_route=%2Fwp%2Fv2%2Fcategories&post=8783"},{"taxonomy":"post_tag","embeddable":true,"href":"https:\/\/unissonshaiti.com\/index.php?rest_route=%2Fwp%2Fv2%2Ftags&post=8783"}],"curies":[{"name":"wp","href":"https:\/\/api.w.org\/{rel}","templated":true}]}}