{"id":8729,"date":"2021-11-29T21:02:47","date_gmt":"2021-11-29T21:02:47","guid":{"rendered":"https:\/\/unissonshaiti.com\/?p=8729"},"modified":"2021-11-29T21:02:48","modified_gmt":"2021-11-29T21:02:48","slug":"ballon-dor-2021-pedri-remporte-le-trophee-kopa-2021","status":"publish","type":"post","link":"https:\/\/unissonshaiti.com\/?p=8729","title":{"rendered":"Ballon d&rsquo;Or 2021 : Pedri remporte le troph\u00e9e Kopa 2021"},"content":{"rendered":"<div style=\"margin-top: 0px; margin-bottom: 0px;\" class=\"sharethis-inline-share-buttons\" ><\/div>\n<p><strong><em>Port-au-Prince, lundi 29 novembre 2021[ UNISSONS INFOS] <\/em><\/strong><\/p>\n\n\n\n<p><strong><em>Le milieu international espagnol du FC Barcelone succ\u00e8de \u00e0 Kylian Mbapp\u00e9 au palmar\u00e8s du troph\u00e9e Kopa du meilleur joueur de moins de 21 ans.<\/em><\/strong><\/p>\n\n\n\n<p>Le jeune milieu offensif espagnol du FC Barcelone Pedri a re\u00e7u le troph\u00e9e Kopa du meilleur joueur de moins de 21 ans de 2021, ce  lundi au cours de la c\u00e9r\u00e9monie du Ballon d&rsquo;Or, \u00e0 Paris.<\/p>\n\n\n\n<p>Il succ\u00e8de au palmar\u00e8s au Fran\u00e7ais Kylian Mbapp\u00e9 (2018) et au N\u00e9erlandais Matthijs de Ligt (2019), aucun prix n&rsquo;ayant \u00e9t\u00e9 remis en 2020 en raison de la crise du Covid. Le joueur, qui a f\u00eat\u00e9 jeudi ses 19 ans, a connu ces derniers mois une trajectoire stellaire, jusqu&rsquo;\u00e0 int\u00e9grer la Roja. Il a \u00e9t\u00e9 d\u00e9sign\u00e9 meilleur jeune du dernier Championnat d&rsquo;Europe, o\u00f9 l&rsquo;Espagne a \u00e9t\u00e9 \u00e9limin\u00e9e en demi-finale par l&rsquo;Italie.<\/p>\n\n\n\n<p>Il a remport\u00e9 lundi dernier le r\u00e9put\u00e9 troph\u00e9e \u00abGolden Boy\u00bb d\u00e9cern\u00e9 par le journal italien Tuttosport, qui r\u00e9compense le meilleur jeune de moins de 21 ans qui joue en Europe. Pedri a prolong\u00e9 en octobre son contrat avec le Bar\u00e7a jusqu&rsquo;en juin 2026. Une blessure \u00e0 une cuisse l&rsquo;\u00e9loigne actuellement des terrains.<\/p>\n","protected":false},"excerpt":{"rendered":"<p>Port-au-Prince, lundi 29 novembre 2021[ UNISSONS INFOS] Le milieu international espagnol du FC Barcelone succ\u00e8de \u00e0 Kylian Mbapp\u00e9 au palmar\u00e8s du troph\u00e9e Kopa du meilleur joueur de moins de 21 ans. Le jeune milieu offensif espagnol du FC Barcelone Pedri a re\u00e7u le troph\u00e9e Kopa du meilleur joueur de moins de 21 ans de 2021, &hellip;<\/p>\n","protected":false},"author":4,"featured_media":8730,"comment_status":"open","ping_status":"open","sticky":false,"template":"","format":"standard","meta":{"footnotes":""},"categories":[104],"tags":[],"class_list":["post-8729","post","type-post","status-publish","format-standard","has-post-thumbnail","","category-actualite"],"_links":{"self":[{"href":"https:\/\/unissonshaiti.com\/index.php?rest_route=\/wp\/v2\/posts\/8729","targetHints":{"allow":["GET"]}}],"collection":[{"href":"https:\/\/unissonshaiti.com\/index.php?rest_route=\/wp\/v2\/posts"}],"about":[{"href":"https:\/\/unissonshaiti.com\/index.php?rest_route=\/wp\/v2\/types\/post"}],"author":[{"embeddable":true,"href":"https:\/\/unissonshaiti.com\/index.php?rest_route=\/wp\/v2\/users\/4"}],"replies":[{"embeddable":true,"href":"https:\/\/unissonshaiti.com\/index.php?rest_route=%2Fwp%2Fv2%2Fcomments&post=8729"}],"version-history":[{"count":2,"href":"https:\/\/unissonshaiti.com\/index.php?rest_route=\/wp\/v2\/posts\/8729\/revisions"}],"predecessor-version":[{"id":8732,"href":"https:\/\/unissonshaiti.com\/index.php?rest_route=\/wp\/v2\/posts\/8729\/revisions\/8732"}],"wp:featuredmedia":[{"embeddable":true,"href":"https:\/\/unissonshaiti.com\/index.php?rest_route=\/wp\/v2\/media\/8730"}],"wp:attachment":[{"href":"https:\/\/unissonshaiti.com\/index.php?rest_route=%2Fwp%2Fv2%2Fmedia&parent=8729"}],"wp:term":[{"taxonomy":"category","embeddable":true,"href":"https:\/\/unissonshaiti.com\/index.php?rest_route=%2Fwp%2Fv2%2Fcategories&post=8729"},{"taxonomy":"post_tag","embeddable":true,"href":"https:\/\/unissonshaiti.com\/index.php?rest_route=%2Fwp%2Fv2%2Ftags&post=8729"}],"curies":[{"name":"wp","href":"https:\/\/api.w.org\/{rel}","templated":true}]}}