{"id":8724,"date":"2021-11-29T17:34:50","date_gmt":"2021-11-29T17:34:50","guid":{"rendered":"https:\/\/unissonshaiti.com\/?p=8724"},"modified":"2021-11-29T17:34:52","modified_gmt":"2021-11-29T17:34:52","slug":"haiti-kidnapping-le-directeur-du-college-coeur-de-jesus-et-son-chauffeur-enleves-a-port-au-prince","status":"publish","type":"post","link":"https:\/\/unissonshaiti.com\/?p=8724","title":{"rendered":"Ha\u00efti-Kidnapping : le directeur du coll\u00e8ge Coeur de J\u00e9sus et son chauffeur enlev\u00e9s \u00e0 Port-au-Prince"},"content":{"rendered":"<div style=\"margin-top: 0px; margin-bottom: 0px;\" class=\"sharethis-inline-share-buttons\" ><\/div>\n<p><strong><em>Port-au-Prince, lundi 29 novembre 2021[ UNISSONS INFOS]<\/em><\/strong><\/p>\n\n\n\n<p><strong><em>Les cas de kidnapping ne cessent d&rsquo;augmenter dans le pays. Le train infernal de l&rsquo;ins\u00e9curit\u00e9 continue son petit bonhomme de chemin. En effet, le directeur de l&rsquo;\u00e9cole C\u0153ur de J\u00e9sus et son chauffeur ont \u00e9t\u00e9 enlev\u00e9s dans la matin\u00e9e du 29 novembre, \u00e0 quelques m\u00e8tres du Palais National.<\/em><\/strong><\/p>\n\n\n\n<p>Le rapt s&rsquo;est produit au moment o\u00f9 ce dernier s\u2019appr\u00eatait \u00e0 descendre de son v\u00e9hicule pour se rendre \u00e0 son \u00e9tablissement scolaire, des hommes lourdement arm\u00e9s l\u2019ont braqu\u00e9 et parti avec lui et Son chauffeur, selon le t\u00e9moignage des t\u00e9moins.<\/p>\n\n\n\n<p>L\u2019identit\u00e9 du chauffeur n\u2019a pas encore \u00e9t\u00e9 r\u00e9v\u00e9l\u00e9 dans la presse. Ces deux (2) personnes ont \u00e9t\u00e9 kidnapp\u00e9es par des individus arm\u00e9s dans les parages de l\u2019\u00e9cole, au Champ de mars.<\/p>\n","protected":false},"excerpt":{"rendered":"<p>Port-au-Prince, lundi 29 novembre 2021[ UNISSONS INFOS] Les cas de kidnapping ne cessent d&rsquo;augmenter dans le pays. Le train infernal de l&rsquo;ins\u00e9curit\u00e9 continue son petit bonhomme de chemin. En effet, le directeur de l&rsquo;\u00e9cole C\u0153ur de J\u00e9sus et son chauffeur ont \u00e9t\u00e9 enlev\u00e9s dans la matin\u00e9e du 29 novembre, \u00e0 quelques m\u00e8tres du Palais National. &hellip;<\/p>\n","protected":false},"author":4,"featured_media":8725,"comment_status":"open","ping_status":"open","sticky":false,"template":"","format":"standard","meta":{"footnotes":""},"categories":[104],"tags":[],"class_list":["post-8724","post","type-post","status-publish","format-standard","has-post-thumbnail","","category-actualite"],"_links":{"self":[{"href":"https:\/\/unissonshaiti.com\/index.php?rest_route=\/wp\/v2\/posts\/8724","targetHints":{"allow":["GET"]}}],"collection":[{"href":"https:\/\/unissonshaiti.com\/index.php?rest_route=\/wp\/v2\/posts"}],"about":[{"href":"https:\/\/unissonshaiti.com\/index.php?rest_route=\/wp\/v2\/types\/post"}],"author":[{"embeddable":true,"href":"https:\/\/unissonshaiti.com\/index.php?rest_route=\/wp\/v2\/users\/4"}],"replies":[{"embeddable":true,"href":"https:\/\/unissonshaiti.com\/index.php?rest_route=%2Fwp%2Fv2%2Fcomments&post=8724"}],"version-history":[{"count":3,"href":"https:\/\/unissonshaiti.com\/index.php?rest_route=\/wp\/v2\/posts\/8724\/revisions"}],"predecessor-version":[{"id":8728,"href":"https:\/\/unissonshaiti.com\/index.php?rest_route=\/wp\/v2\/posts\/8724\/revisions\/8728"}],"wp:featuredmedia":[{"embeddable":true,"href":"https:\/\/unissonshaiti.com\/index.php?rest_route=\/wp\/v2\/media\/8725"}],"wp:attachment":[{"href":"https:\/\/unissonshaiti.com\/index.php?rest_route=%2Fwp%2Fv2%2Fmedia&parent=8724"}],"wp:term":[{"taxonomy":"category","embeddable":true,"href":"https:\/\/unissonshaiti.com\/index.php?rest_route=%2Fwp%2Fv2%2Fcategories&post=8724"},{"taxonomy":"post_tag","embeddable":true,"href":"https:\/\/unissonshaiti.com\/index.php?rest_route=%2Fwp%2Fv2%2Ftags&post=8724"}],"curies":[{"name":"wp","href":"https:\/\/api.w.org\/{rel}","templated":true}]}}