{"id":7829,"date":"2021-11-05T22:26:46","date_gmt":"2021-11-05T22:26:46","guid":{"rendered":"https:\/\/unissonshaiti.com\/?p=7829"},"modified":"2021-11-05T22:28:02","modified_gmt":"2021-11-05T22:28:02","slug":"ma-belle-mere-martine-a-tout-mon-support-dans-sa-carriere-politique-a-declare-joverlein-moise","status":"publish","type":"post","link":"https:\/\/unissonshaiti.com\/?p=7829","title":{"rendered":"\u00ab\u00a0Ma belle-m\u00e8re Martine a tout mon support dans sa carri\u00e8re politique\u00a0\u00bb, a d\u00e9clar\u00e9 Joverlein Mo\u00efse"},"content":{"rendered":"<div style=\"margin-top: 0px; margin-bottom: 0px;\" class=\"sharethis-inline-share-buttons\" ><\/div>\n<p><em><strong>Joverlein Mo\u00efse, premier fils de Jovenel Mo\u00efse est intervenu dans la rubrique \u00ab\u00a0Le Point\u00a0\u00bb de T\u00e9l\u00e9 M\u00e9tropole. Au cours de cet interview, il a comment\u00e9 l&rsquo;assassinat de son p\u00e8re et la carri\u00e8re politique que commence sa belle-m\u00e8re Martine Mo\u00efse.<\/strong><\/em><\/p>\n\n\n\n<p>Tout au long de cette entrevue, Joverlein Mo\u00efse n&rsquo;a pas manqu\u00e9 d&rsquo;exprimer sa soif de justice suite \u00e0 l&rsquo;assassinat de son p\u00e8re, Jovenel Mo\u00efse, pr\u00e9sident de la R\u00e9publique d\u00e9mocratiquement \u00e9lu. C&rsquo;est pour cela qu&rsquo;il s&rsquo;est constitu\u00e9 partie civile dans le cadre de ce dossier avec son cabinet d&rsquo;avocat. Ce crime qui est ,selon Joverlein, un crime contre l&rsquo;humanit\u00e9 ne peut rester sans punition l\u00e9gale pour ceux qui l&rsquo;ont commis. La nation dont il fait partie a besoin de r\u00e9ponses sur ce qui s&rsquo;est pass\u00e9 dans la soir\u00e9e du 6 au 7 juillet 2021 en la r\u00e9sidence officielle de Jovenel Mo\u00efse.<\/p>\n\n\n\n<p>Si Joverlein se montre confiant dans le syst\u00e8me judiciaire ha\u00eftien, il \u00e9met toutefois des inqui\u00e9tudes par rapport aux attaques survenues le mois dernier \u00e0 l&rsquo;endroit du juge instructeur Garry Or\u00e9lien.<\/p>\n\n\n\n<p>Concernant les rumeurs sur une \u00e9ventuelle division entre Joverlein et Martine Mo\u00efse parce que chacun des deux s&rsquo;est constitu\u00e9 partie civile avec des cabinets d&rsquo;avocats diff\u00e9rents, Joverlein pr\u00e9cise que lorsque sa belle-m\u00e8re a initi\u00e9 les d\u00e9marches, il n&rsquo;\u00e9tait pas pr\u00e9sent pour la signature. Cependant, sa belle-m\u00e8re lui avait envoy\u00e9 les documents bien avant que la Presse soit au courant, a-t-il expliqu\u00e9. En plus, il dit avoir le devoir personnel comme fils et citoyen de rechercher la v\u00e9rit\u00e9 sur l&rsquo;assassinat de Jovenel Mo\u00efse. \u00ab\u00a0Ma belle-m\u00e8re et moi, nous voulons une seule et m\u00eame chose: la justice\u00a0\u00bb, a rassur\u00e9 le fils a\u00een\u00e9 de Jovenel.<\/p>\n\n\n\n<p>Sur le choix de sa belle-m\u00e8re de mener campagne et de viser la pr\u00e9sidence, Joverlein a r\u00e9agi en insinuant que la politique est une carri\u00e8re. Il a d\u00e9clar\u00e9 qu&rsquo;il pr\u00e9f\u00e8re \u00e9voluer comme un professionnel et non comme un politique mais il conc\u00e8de \u00e0 la veuve de son p\u00e8re le droit de vouloir exercer une carri\u00e8re politique. Si c&rsquo;est le choix de sa belle-m\u00e8re, il le respecte et lui offre tout son soutien dans sa nouvelle carri\u00e8re. \u00ab\u00a0Tout comme j&rsquo;\u00e9tais l\u00e0 pour donner des avis \u00e0 mon p\u00e8re, je ferai la m\u00eame chose pour ma belle-m\u00e8re\u00a0\u00bb, a promis le fils du pr\u00e9sident assassin\u00e9.<\/p>\n\n\n\n<p>Par ailleurs, il faut souligner que Joverlein Mo\u00efse n&rsquo;\u00e9tait pas en la r\u00e9sidence officielle de son p\u00e8re le jour de l&rsquo;assassinat et il s&rsquo;\u00e9tait dirig\u00e9 vers l&rsquo;ambassade am\u00e9ricaine apr\u00e8s l&rsquo;attaque pour se mettre en s\u00e9curit\u00e9.<\/p>\n\n\n\n<p><strong>Unissons Nous<\/strong><\/p>\n","protected":false},"excerpt":{"rendered":"<p>Joverlein Mo\u00efse, premier fils de Jovenel Mo\u00efse est intervenu dans la rubrique \u00ab\u00a0Le Point\u00a0\u00bb de T\u00e9l\u00e9 M\u00e9tropole. Au cours de cet interview, il a comment\u00e9 l&rsquo;assassinat de son p\u00e8re et la carri\u00e8re politique que commence sa belle-m\u00e8re Martine Mo\u00efse. Tout au long de cette entrevue, Joverlein Mo\u00efse n&rsquo;a pas manqu\u00e9 d&rsquo;exprimer sa soif de justice &hellip;<\/p>\n","protected":false},"author":3,"featured_media":7828,"comment_status":"open","ping_status":"open","sticky":false,"template":"","format":"standard","meta":{"footnotes":""},"categories":[104,154,105],"tags":[],"class_list":["post-7829","post","type-post","status-publish","format-standard","has-post-thumbnail","","category-actualite","category-justice","category-politique"],"_links":{"self":[{"href":"https:\/\/unissonshaiti.com\/index.php?rest_route=\/wp\/v2\/posts\/7829","targetHints":{"allow":["GET"]}}],"collection":[{"href":"https:\/\/unissonshaiti.com\/index.php?rest_route=\/wp\/v2\/posts"}],"about":[{"href":"https:\/\/unissonshaiti.com\/index.php?rest_route=\/wp\/v2\/types\/post"}],"author":[{"embeddable":true,"href":"https:\/\/unissonshaiti.com\/index.php?rest_route=\/wp\/v2\/users\/3"}],"replies":[{"embeddable":true,"href":"https:\/\/unissonshaiti.com\/index.php?rest_route=%2Fwp%2Fv2%2Fcomments&post=7829"}],"version-history":[{"count":1,"href":"https:\/\/unissonshaiti.com\/index.php?rest_route=\/wp\/v2\/posts\/7829\/revisions"}],"predecessor-version":[{"id":7830,"href":"https:\/\/unissonshaiti.com\/index.php?rest_route=\/wp\/v2\/posts\/7829\/revisions\/7830"}],"wp:featuredmedia":[{"embeddable":true,"href":"https:\/\/unissonshaiti.com\/index.php?rest_route=\/wp\/v2\/media\/7828"}],"wp:attachment":[{"href":"https:\/\/unissonshaiti.com\/index.php?rest_route=%2Fwp%2Fv2%2Fmedia&parent=7829"}],"wp:term":[{"taxonomy":"category","embeddable":true,"href":"https:\/\/unissonshaiti.com\/index.php?rest_route=%2Fwp%2Fv2%2Fcategories&post=7829"},{"taxonomy":"post_tag","embeddable":true,"href":"https:\/\/unissonshaiti.com\/index.php?rest_route=%2Fwp%2Fv2%2Ftags&post=7829"}],"curies":[{"name":"wp","href":"https:\/\/api.w.org\/{rel}","templated":true}]}}