{"id":7690,"date":"2021-10-29T14:15:54","date_gmt":"2021-10-29T14:15:54","guid":{"rendered":"https:\/\/unissonshaiti.com\/?p=7690"},"modified":"2021-10-29T14:16:02","modified_gmt":"2021-10-29T14:16:02","slug":"assassinat-du-president-le-ministre-claude-joseph-multiplie-les-contacts-pour-lextradition-de-mario-palacios-palacios","status":"publish","type":"post","link":"https:\/\/unissonshaiti.com\/?p=7690","title":{"rendered":"Assassinat du pr\u00e9sident : Le ministre Claude Joseph multiplie les contacts pour l&rsquo;extradition de Mario Palacios Palacios"},"content":{"rendered":"<div style=\"margin-top: 0px; margin-bottom: 0px;\" class=\"sharethis-inline-share-buttons\" ><\/div>\n<p>Le ministre des Affaires \u00e9trang\u00e8res et des Cultes Claude Joseph a \u00e9crit formellement, le jeudi 28 octobre, \u00e0 la Jama\u00efque et \u00e0 la Colombie pour demander le transfert de Mario Palacios Palacios, l&rsquo;un des suspects cl\u00e9 dans l\u2019assassinat du pr\u00e9sident Jovenel Moise, le 7 juillet 2021.<\/p>\n\n\n\n<p>\u00ab C\u2019est donc dans ce m\u00eame esprit de compr\u00e9hension mutuelle et de solidarit\u00e9 agissante que nous sollicitons la coop\u00e9ration de votre gouvernement afin que Monsieur Palacios Palacios soit mis \u00e0 la disposition de la justice ha\u00eftienne pour faciliter l\u2019aboutissement de l\u2019enqu\u00eate et l\u2019application de la loi contre les auteurs et coauteurs de ce crimes \u00bb, lit-on dans une correspondance du titulaire du MAE adress\u00e9e \u00e0 son homologue colombienne, Marta Lucia Ramirez De Rincon.<\/p>\n\n\n\n<p>Parall\u00e8lement, Claude Joseph a formul\u00e9 une demande d\u2019extradition du citoyen Palacios Palacios aupr\u00e8s de la ministre jama\u00efcain des affaires \u00e9trang\u00e8res.<\/p>\n\n\n\n<p>\u00ab La chancellerie ha\u00eftienne, par la pr\u00e9sente, r\u00e9it\u00e8re formellement aupr\u00e8s du gouvernement du Commonwealth de la Jama\u00efque la demande de transfert vers Ha\u00efti de Monsieur Palacios Palacios pour qu\u2019il soit mise \u00e0 la disposition de la justice ha\u00eftienne dans le cadre de l\u2019enqu\u00eate sur l\u2019assassinat crapuleux du pr\u00e9sident Jovenel Moise \u00bb, lit-on dans cette correspondance.<\/p>\n\n\n\n<p>Rappelons que M. Palacios, citoyen colombien, qui faisait l\u2019objet d\u2019un mandat d\u2019arr\u00eat international, a \u00e9t\u00e9 arr\u00eat\u00e9 \u00e0 la Jama\u00efque d\u00e9but octobre.<\/p>\n","protected":false},"excerpt":{"rendered":"<p>Le ministre des Affaires \u00e9trang\u00e8res et des Cultes Claude Joseph a \u00e9crit formellement, le jeudi 28 octobre, \u00e0 la Jama\u00efque et \u00e0 la Colombie pour demander le transfert de Mario Palacios Palacios, l&rsquo;un des suspects cl\u00e9 dans l\u2019assassinat du pr\u00e9sident Jovenel Moise, le 7 juillet 2021. \u00ab C\u2019est donc dans ce m\u00eame esprit de compr\u00e9hension &hellip;<\/p>\n","protected":false},"author":4,"featured_media":6978,"comment_status":"open","ping_status":"open","sticky":false,"template":"","format":"standard","meta":{"footnotes":""},"categories":[104],"tags":[],"class_list":["post-7690","post","type-post","status-publish","format-standard","has-post-thumbnail","","category-actualite"],"_links":{"self":[{"href":"https:\/\/unissonshaiti.com\/index.php?rest_route=\/wp\/v2\/posts\/7690","targetHints":{"allow":["GET"]}}],"collection":[{"href":"https:\/\/unissonshaiti.com\/index.php?rest_route=\/wp\/v2\/posts"}],"about":[{"href":"https:\/\/unissonshaiti.com\/index.php?rest_route=\/wp\/v2\/types\/post"}],"author":[{"embeddable":true,"href":"https:\/\/unissonshaiti.com\/index.php?rest_route=\/wp\/v2\/users\/4"}],"replies":[{"embeddable":true,"href":"https:\/\/unissonshaiti.com\/index.php?rest_route=%2Fwp%2Fv2%2Fcomments&post=7690"}],"version-history":[{"count":1,"href":"https:\/\/unissonshaiti.com\/index.php?rest_route=\/wp\/v2\/posts\/7690\/revisions"}],"predecessor-version":[{"id":7691,"href":"https:\/\/unissonshaiti.com\/index.php?rest_route=\/wp\/v2\/posts\/7690\/revisions\/7691"}],"wp:featuredmedia":[{"embeddable":true,"href":"https:\/\/unissonshaiti.com\/index.php?rest_route=\/wp\/v2\/media\/6978"}],"wp:attachment":[{"href":"https:\/\/unissonshaiti.com\/index.php?rest_route=%2Fwp%2Fv2%2Fmedia&parent=7690"}],"wp:term":[{"taxonomy":"category","embeddable":true,"href":"https:\/\/unissonshaiti.com\/index.php?rest_route=%2Fwp%2Fv2%2Fcategories&post=7690"},{"taxonomy":"post_tag","embeddable":true,"href":"https:\/\/unissonshaiti.com\/index.php?rest_route=%2Fwp%2Fv2%2Ftags&post=7690"}],"curies":[{"name":"wp","href":"https:\/\/api.w.org\/{rel}","templated":true}]}}