{"id":7688,"date":"2021-10-29T14:41:46","date_gmt":"2021-10-29T14:41:46","guid":{"rendered":"https:\/\/unissonshaiti.com\/?p=7688"},"modified":"2021-10-29T14:42:58","modified_gmt":"2021-10-29T14:42:58","slug":"kenneth-merten-est-deja-en-haiti-comme-nouveau-charge-daffaires","status":"publish","type":"post","link":"https:\/\/unissonshaiti.com\/?p=7688","title":{"rendered":"Kenneth Merten est d\u00e9j\u00e0 en Ha\u00efti comme nouveau charg\u00e9 d\u2019affaires."},"content":{"rendered":"<div style=\"margin-top: 0px; margin-bottom: 0px;\" class=\"sharethis-inline-share-buttons\" ><\/div>\n<p>L\u2019ambassade des \u00c9tats-Unis en Ha\u00efti a publi\u00e9 ce vendredi 29 octobre 2021 sur  son compteTwitter un message de bienvenue \u00e0 l\u2019ambassadeur Kenneth Merten comme nouveau charg\u00e9 d\u2019affaires en attendant la nomination d\u00e9finitive d\u2019un nouvel ambassadeur pl\u00e9nipotentiaire. <\/p>\n\n\n\n<p>\u201cBienvenue \u00e0 l\u2019Ambassadeur Kenneth Merten qui assume la responsabilit\u00e9 de Charg\u00e9 d\u2019Affaires Ad Interim.&nbsp; Les \u00c9tats-Unis continueront de travailler en vue de soutenir et encourager des solutions dirig\u00e9es par les Ha\u00eftiens pour de meilleures conditions de s\u00e9curit\u00e9 et des initiatives d\u00e9mocratiques\u201d, a \u00e9crit l\u2019ambassade.&nbsp;<\/p>\n\n\n\n<p><br>Il aura pour mission, entre autres, d&rsquo;encourager les acteurs haitien \u00e0 trouver des solutions ha\u00eftiennes pour des meilleures conditions de s\u00e9curit\u00e9 et le dossier des am\u00e9ricains pris en otage par le gang 400 mawozo.<\/p>\n","protected":false},"excerpt":{"rendered":"<p>L\u2019ambassade des \u00c9tats-Unis en Ha\u00efti a publi\u00e9 ce vendredi 29 octobre 2021 sur son compteTwitter un message de bienvenue \u00e0 l\u2019ambassadeur Kenneth Merten comme nouveau charg\u00e9 d\u2019affaires en attendant la nomination d\u00e9finitive d\u2019un nouvel ambassadeur pl\u00e9nipotentiaire. \u201cBienvenue \u00e0 l\u2019Ambassadeur Kenneth Merten qui assume la responsabilit\u00e9 de Charg\u00e9 d\u2019Affaires Ad Interim.&nbsp; Les \u00c9tats-Unis continueront de travailler &hellip;<\/p>\n","protected":false},"author":4,"featured_media":7393,"comment_status":"open","ping_status":"open","sticky":false,"template":"","format":"standard","meta":{"footnotes":""},"categories":[105],"tags":[],"class_list":["post-7688","post","type-post","status-publish","format-standard","has-post-thumbnail","","category-politique"],"_links":{"self":[{"href":"https:\/\/unissonshaiti.com\/index.php?rest_route=\/wp\/v2\/posts\/7688","targetHints":{"allow":["GET"]}}],"collection":[{"href":"https:\/\/unissonshaiti.com\/index.php?rest_route=\/wp\/v2\/posts"}],"about":[{"href":"https:\/\/unissonshaiti.com\/index.php?rest_route=\/wp\/v2\/types\/post"}],"author":[{"embeddable":true,"href":"https:\/\/unissonshaiti.com\/index.php?rest_route=\/wp\/v2\/users\/4"}],"replies":[{"embeddable":true,"href":"https:\/\/unissonshaiti.com\/index.php?rest_route=%2Fwp%2Fv2%2Fcomments&post=7688"}],"version-history":[{"count":3,"href":"https:\/\/unissonshaiti.com\/index.php?rest_route=\/wp\/v2\/posts\/7688\/revisions"}],"predecessor-version":[{"id":7693,"href":"https:\/\/unissonshaiti.com\/index.php?rest_route=\/wp\/v2\/posts\/7688\/revisions\/7693"}],"wp:featuredmedia":[{"embeddable":true,"href":"https:\/\/unissonshaiti.com\/index.php?rest_route=\/wp\/v2\/media\/7393"}],"wp:attachment":[{"href":"https:\/\/unissonshaiti.com\/index.php?rest_route=%2Fwp%2Fv2%2Fmedia&parent=7688"}],"wp:term":[{"taxonomy":"category","embeddable":true,"href":"https:\/\/unissonshaiti.com\/index.php?rest_route=%2Fwp%2Fv2%2Fcategories&post=7688"},{"taxonomy":"post_tag","embeddable":true,"href":"https:\/\/unissonshaiti.com\/index.php?rest_route=%2Fwp%2Fv2%2Ftags&post=7688"}],"curies":[{"name":"wp","href":"https:\/\/api.w.org\/{rel}","templated":true}]}}