{"id":6945,"date":"2021-09-14T20:41:58","date_gmt":"2021-09-14T20:41:58","guid":{"rendered":"https:\/\/unissonshaiti.com\/?p=6945"},"modified":"2021-09-14T20:43:04","modified_gmt":"2021-09-14T20:43:04","slug":"le-chef-du-parquet-de-pap-revoque-par-le-pm-pour-faute-administrative-grave","status":"publish","type":"post","link":"https:\/\/unissonshaiti.com\/?p=6945","title":{"rendered":"Le chef du parquet de PAP r\u00e9voqu\u00e9 par le PM pour faute administrative grave"},"content":{"rendered":"<div style=\"margin-top: 0px; margin-bottom: 0px;\" class=\"sharethis-inline-share-buttons\" ><\/div>\n<p>Du nouveau dans le clash entre le premier ministre Ariel Henry et le commissaire du gouvernement Bedford Claude. Apr\u00e8s que le chef du parquet de  Port-au-Prince a \u00e9mis une interdiction de d\u00e9part contre le Premier Ministre et qu&rsquo;il a requis du juge instructeur de l&rsquo;affaire Jovenel Mo\u00efse, Me Garry Orelien d&rsquo;inculper Ariel Henry et apr\u00e8s que la Presse internationale a relay\u00e9 cette demande d&rsquo;inculpation, il a \u00e9t\u00e9 rendu public que le PM Ariel Henry a pris la d\u00e9cision de r\u00e9voquer Bedford Claude \u00e0 son poste de commissaire du gouvernement.<\/p>\n\n\n\n<p>Dans une correspondance qui date du 13 septembre 2021, le PM Henry a \u00e9crit au commissaire du gouvernement a.i pr\u00e8s le tribunal de premi\u00e8re instance de Port-au-Prince, Me Bedford Claude pour lui informer qu&rsquo;il a \u00e9t\u00e9 vir\u00e9 de sa fonction pour faute administrative grave. Le chef de la Primature pr\u00e9cise que la r\u00e9vocation prend effet d\u00e8s la r\u00e9ception de la correspondance. Cependant, il faut se demander si Me Bedford Claude n&rsquo;a pas encore re\u00e7u la lettre de r\u00e9vocation, car un jour apr\u00e8s la r\u00e9daction de l&rsquo;ordre, soit aujourd&rsquo;hui 14 septembre 2021, il a r\u00e9dig\u00e9 des actes \u00e0 titre de commissaire du gouvernement.<\/p>\n\n\n\n<p>En tout cas, cette guerre entre Ariel Henry et le clan Joven\u00e9liste est \u00e0 suivre. Est-ce-que la r\u00e9vocation de Me Claude va mettre un terme \u00e0 ce feuilleton? Suspens.<\/p>\n\n\n\n<p><strong>Unissons Nous<\/strong><\/p>\n","protected":false},"excerpt":{"rendered":"<p>Du nouveau dans le clash entre le premier ministre Ariel Henry et le commissaire du gouvernement Bedford Claude. Apr\u00e8s que le chef du parquet de Port-au-Prince a \u00e9mis une interdiction de d\u00e9part contre le Premier Ministre et qu&rsquo;il a requis du juge instructeur de l&rsquo;affaire Jovenel Mo\u00efse, Me Garry Orelien d&rsquo;inculper Ariel Henry et apr\u00e8s &hellip;<\/p>\n","protected":false},"author":3,"featured_media":6947,"comment_status":"open","ping_status":"open","sticky":false,"template":"","format":"standard","meta":{"footnotes":""},"categories":[104,154,105],"tags":[],"class_list":["post-6945","post","type-post","status-publish","format-standard","has-post-thumbnail","","category-actualite","category-justice","category-politique"],"_links":{"self":[{"href":"https:\/\/unissonshaiti.com\/index.php?rest_route=\/wp\/v2\/posts\/6945","targetHints":{"allow":["GET"]}}],"collection":[{"href":"https:\/\/unissonshaiti.com\/index.php?rest_route=\/wp\/v2\/posts"}],"about":[{"href":"https:\/\/unissonshaiti.com\/index.php?rest_route=\/wp\/v2\/types\/post"}],"author":[{"embeddable":true,"href":"https:\/\/unissonshaiti.com\/index.php?rest_route=\/wp\/v2\/users\/3"}],"replies":[{"embeddable":true,"href":"https:\/\/unissonshaiti.com\/index.php?rest_route=%2Fwp%2Fv2%2Fcomments&post=6945"}],"version-history":[{"count":2,"href":"https:\/\/unissonshaiti.com\/index.php?rest_route=\/wp\/v2\/posts\/6945\/revisions"}],"predecessor-version":[{"id":6948,"href":"https:\/\/unissonshaiti.com\/index.php?rest_route=\/wp\/v2\/posts\/6945\/revisions\/6948"}],"wp:featuredmedia":[{"embeddable":true,"href":"https:\/\/unissonshaiti.com\/index.php?rest_route=\/wp\/v2\/media\/6947"}],"wp:attachment":[{"href":"https:\/\/unissonshaiti.com\/index.php?rest_route=%2Fwp%2Fv2%2Fmedia&parent=6945"}],"wp:term":[{"taxonomy":"category","embeddable":true,"href":"https:\/\/unissonshaiti.com\/index.php?rest_route=%2Fwp%2Fv2%2Fcategories&post=6945"},{"taxonomy":"post_tag","embeddable":true,"href":"https:\/\/unissonshaiti.com\/index.php?rest_route=%2Fwp%2Fv2%2Ftags&post=6945"}],"curies":[{"name":"wp","href":"https:\/\/api.w.org\/{rel}","templated":true}]}}