{"id":6893,"date":"2021-09-11T21:45:23","date_gmt":"2021-09-11T21:45:23","guid":{"rendered":"https:\/\/unissonshaiti.com\/?p=6893"},"modified":"2021-09-11T22:07:45","modified_gmt":"2021-09-11T22:07:45","slug":"andre-michel-fait-un-sacrifice-historique-pour-le-pays","status":"publish","type":"post","link":"https:\/\/unissonshaiti.com\/?p=6893","title":{"rendered":"Andr\u00e9 Michel fait \u00ab\u00a0un sacrifice historique pour le pays\u00a0\u00bb?"},"content":{"rendered":"<div style=\"margin-top: 0px; margin-bottom: 0px;\" class=\"sharethis-inline-share-buttons\" ><\/div>\n<p><strong>La rue, c\u2019est fini pour la bande \u00e0 Andr\u00e9 Michel, tout au moins, elle sera en mode pause pendant la gouvernance int\u00e9rimaire du Premier Ministre Ariel Henry.\u00a0 \u00ab\u00a0C\u2019est avec douleur\u00a0\u00bb dit Andr\u00e9 Michel que le Secteur D\u00e9mocratique et Populaire fait le choix de se joindre \u00e0 un accord politique quand ce mouvement politique a pris naissance dans la mobilisation et dans la contestation politique. Si le SDP a sign\u00e9 cet accord politique, c\u2019est parce que les revendications populaires y figurent et que le Premier Ministre Ariel Henry les prendra en consid\u00e9ration. Parmi les revendications populaires, Andr\u00e9 Michel a cit\u00e9 la lib\u00e9ration des prisonniers politiques, les proc\u00e8s Petrocaribe et des Massacres \u00e0 Lasaline et \u00e0Delmas 32, une bonne gestion des fonds publics etc. La seule concession politique faite par le SDP est d\u2019accepter un ex\u00e9cutif monoc\u00e9phale, un ex\u00e9cutif avec un seul chef\u00a0: le PM Henry alors qu\u2019auparavant le SDP voulait un ex\u00e9cutif bic\u00e9phale avec Pr\u00e9sident et Premier Ministre. \u00abLe compromis en politique n\u2019est pas signe de faiblesse\u00a0\u00bb nous dit Andr\u00e9 Michel. \u00a0Une r\u00e9alit\u00e9 que certains peinent encore \u00e0 croire. Ce que le temps peut faire bouger les choses. Andr\u00e9 Michel qui parle aujourd\u2019hui de compromis, de concession, de dialogue permanent\u00a0! En effet, cela est bien historique<\/strong>.<\/p>\n\n\n\n<p>Le compromis historique, le pays en a effectivement besoin. Tellement de probl\u00e8mes sociaux noy\u00e9s par une lutte entre les professionnels de la politique. Une crise politique qui a tellement dur\u00e9 et qui ne fait qu\u2019affaiblir l\u2019Etat, pimenter l\u2019instabilit\u00e9. \u00ab\u00a0L\u2019heure est venue de construire\u00a0le pays \u00bb, a stipul\u00e9 l\u2019avocat qui prend finalement conscience. Ce qu\u2019il aurait \u00e9t\u00e9 bon qu\u2019il l&rsquo;ait compris au cours des ann\u00e9es pr\u00e9c\u00e9dentes, Ha\u00efti n\u2019aurait pas connu le \u00ab\u00a0Peyi L\u00f2k\u00a0\u00bb o\u00f9 une majorit\u00e9 silencieuse fut retenue de force chez elle, sous la pression des barricades; o\u00f9 des \u00e9coliers ont \u00e9t\u00e9 priv\u00e9s du droit \u00e0 l\u2019\u00e9ducation \u00e0 cause des querelles politiques qui ne les concernaient pas. Moins de petites et de moyennes entreprises auraient connu la col\u00e8re des manifestants. Apr\u00e8s tout, il a toujours \u00e9t\u00e9 l\u2019heure de construire le pays, il y a toujours eu tant de probl\u00e8mes. La faim, l\u2019ins\u00e9curit\u00e9, la vuln\u00e9rabilit\u00e9 aux ph\u00e9nom\u00e8nes naturels ont toujours \u00e9t\u00e9, sont beaucoup plus graves que la politique. Pourtant ce ne sont pas ces probl\u00e8mes qui font la une des m\u00e9dias, ce ne sont pas ces sujets qui sont prioris\u00e9s par les leaders d\u2019opinion tant les politiciens r\u00e9sument les probl\u00e8mes du pays  \u00e0 ce qui est uniquement dans leur int\u00e9r\u00eat.<\/p>\n\n\n\n<p>Ha\u00efti va conna\u00eetre une nouvelle \u00e9tape, ont promis les signataires de l\u2019accord qui donnent une chance \u00e0 Ariel Henry. Le chef de la Primature est plus chanceux que le Pr\u00e9sident Jovenel Mo\u00efse mort sans obtenir le dialogue qu\u2019il disait chercher avec ses farouches opposants. Esp\u00e9rons que le pays pourra profiter de ce calme de la part des opposants comme les membres du SDP qui savent utiliser la rue dans un sens ou dans l\u2019autre. D\u2019ailleurs, ce qu\u2019Andr\u00e9 Michel croyait \u00eatre le plus grand obstacle \u00e0 la r\u00e9solution des probl\u00e8mes du pays, la gouvernance de Jovenel Mo\u00efse n\u2019est plus d\u2019actualit\u00e9. Il est donc curieux de voir Andr\u00e9 Michel et ses camarades du SDP \u00e0 l\u2019\u0153uvre dans le cadre de l\u2019ex\u00e9cution de cet accord qu\u2019ils ont sign\u00e9.<\/p>\n\n\n\n<p>Dans son intervention, Andr\u00e9 Michel a parl\u00e9 de cellules anti-gangs et prouve au moins qu\u2019il est conscient du probl\u00e8me de l\u2019ins\u00e9curit\u00e9. Il n\u2019est sans doute pas trop t\u00f4t pour le compromis, le pays a tant souffert. Il n\u2019est pas trop tard non plus. Difficile de savoir si les signataires de l\u2019accord pro Ariel Henry vont pouvoir atterrir mais au moins nous pouvons esp\u00e9rer que le Secteur D\u00e9mocratique va aider \u00e0 permettre une once de stabilit\u00e9 dans le pays. La rue c\u2019est fini pour le SDP, tout au moins, elle sera en mode pause pendant la gouvernance d\u2019Ariel Henry. Quelle grande surprise&nbsp;! Que c\u2019est historique&nbsp;!<\/p>\n\n\n\n<p><strong>Unissons Nous<\/strong><\/p>\n\n\n\n<p><\/p>\n","protected":false},"excerpt":{"rendered":"<p>La rue, c\u2019est fini pour la bande \u00e0 Andr\u00e9 Michel, tout au moins, elle sera en mode pause pendant la gouvernance int\u00e9rimaire du Premier Ministre Ariel Henry.\u00a0 \u00ab\u00a0C\u2019est avec douleur\u00a0\u00bb dit Andr\u00e9 Michel que le Secteur D\u00e9mocratique et Populaire fait le choix de se joindre \u00e0 un accord politique quand ce mouvement politique a pris &hellip;<\/p>\n","protected":false},"author":3,"featured_media":6892,"comment_status":"open","ping_status":"open","sticky":false,"template":"","format":"standard","meta":{"footnotes":""},"categories":[104,105],"tags":[],"class_list":["post-6893","post","type-post","status-publish","format-standard","has-post-thumbnail","","category-actualite","category-politique"],"_links":{"self":[{"href":"https:\/\/unissonshaiti.com\/index.php?rest_route=\/wp\/v2\/posts\/6893","targetHints":{"allow":["GET"]}}],"collection":[{"href":"https:\/\/unissonshaiti.com\/index.php?rest_route=\/wp\/v2\/posts"}],"about":[{"href":"https:\/\/unissonshaiti.com\/index.php?rest_route=\/wp\/v2\/types\/post"}],"author":[{"embeddable":true,"href":"https:\/\/unissonshaiti.com\/index.php?rest_route=\/wp\/v2\/users\/3"}],"replies":[{"embeddable":true,"href":"https:\/\/unissonshaiti.com\/index.php?rest_route=%2Fwp%2Fv2%2Fcomments&post=6893"}],"version-history":[{"count":2,"href":"https:\/\/unissonshaiti.com\/index.php?rest_route=\/wp\/v2\/posts\/6893\/revisions"}],"predecessor-version":[{"id":6899,"href":"https:\/\/unissonshaiti.com\/index.php?rest_route=\/wp\/v2\/posts\/6893\/revisions\/6899"}],"wp:featuredmedia":[{"embeddable":true,"href":"https:\/\/unissonshaiti.com\/index.php?rest_route=\/wp\/v2\/media\/6892"}],"wp:attachment":[{"href":"https:\/\/unissonshaiti.com\/index.php?rest_route=%2Fwp%2Fv2%2Fmedia&parent=6893"}],"wp:term":[{"taxonomy":"category","embeddable":true,"href":"https:\/\/unissonshaiti.com\/index.php?rest_route=%2Fwp%2Fv2%2Fcategories&post=6893"},{"taxonomy":"post_tag","embeddable":true,"href":"https:\/\/unissonshaiti.com\/index.php?rest_route=%2Fwp%2Fv2%2Ftags&post=6893"}],"curies":[{"name":"wp","href":"https:\/\/api.w.org\/{rel}","templated":true}]}}