{"id":6880,"date":"2021-09-11T00:30:00","date_gmt":"2021-09-11T00:30:00","guid":{"rendered":"https:\/\/unissonshaiti.com\/?p=6880"},"modified":"2021-09-11T00:30:04","modified_gmt":"2021-09-11T00:30:04","slug":"assassinat-de-jovenel-moise-le-pm-ariel-henry-invite-a-se-presenter-au-parquet","status":"publish","type":"post","link":"https:\/\/unissonshaiti.com\/?p=6880","title":{"rendered":"Assassinat de Jovenel Mo\u00efse: Le PM Ariel Henry invit\u00e9 \u00e0 se pr\u00e9senter au Parquet"},"content":{"rendered":"<div style=\"margin-top: 0px; margin-bottom: 0px;\" class=\"sharethis-inline-share-buttons\" ><\/div>\n<p><strong><em>Port-au-Prince,  vendredi 10 septembre 2021[ UNISSONS INFOS]<\/em><\/strong><\/p>\n\n\n\n<p><strong><em>Le Commissaire du Gouvernement de Port-au-Prince, Me Bed-Ford Claude invite le Premier Ministre \u00e0 se pr\u00e9senter au Parquet de Port-au-Prince, le mardi 14 septembre 2021, \u00e0 compter de 10 heures AM. Le PM Ariel Henry devrait s\u2019expliquer autour de ses communications t\u00e9l\u00e9phoniques avec le pr\u00e9sum\u00e9 auteur de l\u2019assassinat de lex-President Jovenel Mo\u00efse.<\/em><\/strong><\/p>\n\n\n\n<p>Dans son mandat d&rsquo;invitation, le Commissaire dit avoir confirm\u00e9 aupr\u00e8s de la DIGICEL les \u00e9changes t\u00e9l\u00e9phoniques entre le PM et Joseph F\u00e9lix Badion un des principaux suspects dans l&rsquo;assassinat de Jovenel Mo\u00efse le jour du crime.<\/p>\n\n\n\n<p>La g\u00e9olocalisation de ces appels tendancieux m\u00e9ritant d\u2019\u00eatre \u00e9claircis, \u00e9tablissent sans \u00e9quivoque que le suspect Joseph F\u00e9lix Badio se trouvait au moment de la conversation \u00e0 P\u00e8lerin 5, lieu de la r\u00e9sidence de la victime et de la perp\u00e9tration de ce crime.<\/p>\n\n\n\n<p>Signalons que ces nouvelles informations formellement v\u00e9rifi\u00e9es ont \u00e9t\u00e9 d\u00e9nonc\u00e9es dans une plainte adress\u00e9e par l\u2019organisation Viv Ayiti et dans le rapport du R\u00e9seau National de D\u00e9fense des Droits de l\u2019Homme (RNDDH).<\/p>\n","protected":false},"excerpt":{"rendered":"<p>Port-au-Prince, vendredi 10 septembre 2021[ UNISSONS INFOS] Le Commissaire du Gouvernement de Port-au-Prince, Me Bed-Ford Claude invite le Premier Ministre \u00e0 se pr\u00e9senter au Parquet de Port-au-Prince, le mardi 14 septembre 2021, \u00e0 compter de 10 heures AM. Le PM Ariel Henry devrait s\u2019expliquer autour de ses communications t\u00e9l\u00e9phoniques avec le pr\u00e9sum\u00e9 auteur de l\u2019assassinat &hellip;<\/p>\n","protected":false},"author":4,"featured_media":6882,"comment_status":"open","ping_status":"open","sticky":false,"template":"","format":"standard","meta":{"footnotes":""},"categories":[104],"tags":[],"class_list":["post-6880","post","type-post","status-publish","format-standard","has-post-thumbnail","","category-actualite"],"_links":{"self":[{"href":"https:\/\/unissonshaiti.com\/index.php?rest_route=\/wp\/v2\/posts\/6880","targetHints":{"allow":["GET"]}}],"collection":[{"href":"https:\/\/unissonshaiti.com\/index.php?rest_route=\/wp\/v2\/posts"}],"about":[{"href":"https:\/\/unissonshaiti.com\/index.php?rest_route=\/wp\/v2\/types\/post"}],"author":[{"embeddable":true,"href":"https:\/\/unissonshaiti.com\/index.php?rest_route=\/wp\/v2\/users\/4"}],"replies":[{"embeddable":true,"href":"https:\/\/unissonshaiti.com\/index.php?rest_route=%2Fwp%2Fv2%2Fcomments&post=6880"}],"version-history":[{"count":1,"href":"https:\/\/unissonshaiti.com\/index.php?rest_route=\/wp\/v2\/posts\/6880\/revisions"}],"predecessor-version":[{"id":6881,"href":"https:\/\/unissonshaiti.com\/index.php?rest_route=\/wp\/v2\/posts\/6880\/revisions\/6881"}],"wp:featuredmedia":[{"embeddable":true,"href":"https:\/\/unissonshaiti.com\/index.php?rest_route=\/wp\/v2\/media\/6882"}],"wp:attachment":[{"href":"https:\/\/unissonshaiti.com\/index.php?rest_route=%2Fwp%2Fv2%2Fmedia&parent=6880"}],"wp:term":[{"taxonomy":"category","embeddable":true,"href":"https:\/\/unissonshaiti.com\/index.php?rest_route=%2Fwp%2Fv2%2Fcategories&post=6880"},{"taxonomy":"post_tag","embeddable":true,"href":"https:\/\/unissonshaiti.com\/index.php?rest_route=%2Fwp%2Fv2%2Ftags&post=6880"}],"curies":[{"name":"wp","href":"https:\/\/api.w.org\/{rel}","templated":true}]}}