{"id":6607,"date":"2021-08-23T23:36:21","date_gmt":"2021-08-23T23:36:21","guid":{"rendered":"https:\/\/unissonshaiti.com\/?p=6607"},"modified":"2021-08-23T23:36:31","modified_gmt":"2021-08-23T23:36:31","slug":"haiti-assassinat-de-jovenel-moise-un-nouveau-juge-designe-pour-mener-lenquete","status":"publish","type":"post","link":"https:\/\/unissonshaiti.com\/?p=6607","title":{"rendered":"Ha\u00efti-Assassinat de Jovenel Mo\u00efse : un nouveau juge design\u00e9 pour mener l&rsquo;enqu\u00eate"},"content":{"rendered":"<div style=\"margin-top: 0px; margin-bottom: 0px;\" class=\"sharethis-inline-share-buttons\" ><\/div>\n<p><strong><em>Port-au-Prince, lundi 23 ao\u00fbt 2021[ UNISSONS INFOS]<\/em><\/strong><\/p>\n\n\n\n<p><strong><em>Le doyen du tribunal de premi\u00e8re instance de Port-au-Prince, Me Bernard Saint-Vil a confi\u00e9 le dossier relatif \u00e0 l\u2019assassinat du pr\u00e9sident Jovenel Mo\u00efse au juge Garry Or\u00e9lien pour mener l\u2019enqu\u00eate<\/em><\/strong>.<\/p>\n\n\n\n<p>Alors que le juge Mathieu Chanlatte, pr\u00e9alablement d\u00e9sign\u00e9 pour mener l\u2019enqu\u00eate, s\u2019\u00e9tait d\u00e9port\u00e9 de l\u2019affaire pour convenance personnelle. Un nouveau juge a \u00e9t\u00e9 d\u00e9sign\u00e9 ce lundi 23 Ao\u00fbt 2021, pour mener l\u2019enqu\u00eate portant sur l\u2019assassinat du Pr\u00e9sident Jovenel Mo\u00efse, survenu dans la nuit du 6 au 7 juillet 2021, en sa r\u00e9sidence privi\u00e9e, \u00e0 P\u00e8lerin 5.<\/p>\n\n\n\n<p>A rappeller que la RNDDH a publi\u00e9 un rapport d\u2019enqu\u00eate de 28 pages \u00e0 travers lequel il a r\u00e9v\u00e9l\u00e9 que le soir-m\u00eame de l\u2019asssassinat du chef de l\u2019\u00c9tat, le Premier Ministre Ariel Henry a eu  une conversation t\u00e9l\u00e9phonique avec F\u00e9lix BADIO  ainsi que le pr\u00e9sident de la R\u00e9publique, Jovenel Mo\u00efse. Pourtant, F\u00e9lix BADIO Joseph a \u00e9t\u00e9 pr\u00e9sent\u00e9 par la police colombienne comme l\u2019ordonnateur de l\u2019ex\u00e9cution du chef de l&rsquo;\u00c9tat.<\/p>\n","protected":false},"excerpt":{"rendered":"<p>Port-au-Prince, lundi 23 ao\u00fbt 2021[ UNISSONS INFOS] Le doyen du tribunal de premi\u00e8re instance de Port-au-Prince, Me Bernard Saint-Vil a confi\u00e9 le dossier relatif \u00e0 l\u2019assassinat du pr\u00e9sident Jovenel Mo\u00efse au juge Garry Or\u00e9lien pour mener l\u2019enqu\u00eate. Alors que le juge Mathieu Chanlatte, pr\u00e9alablement d\u00e9sign\u00e9 pour mener l\u2019enqu\u00eate, s\u2019\u00e9tait d\u00e9port\u00e9 de l\u2019affaire pour convenance personnelle. &hellip;<\/p>\n","protected":false},"author":4,"featured_media":6608,"comment_status":"open","ping_status":"open","sticky":false,"template":"","format":"standard","meta":{"footnotes":""},"categories":[104],"tags":[],"class_list":["post-6607","post","type-post","status-publish","format-standard","has-post-thumbnail","","category-actualite"],"_links":{"self":[{"href":"https:\/\/unissonshaiti.com\/index.php?rest_route=\/wp\/v2\/posts\/6607","targetHints":{"allow":["GET"]}}],"collection":[{"href":"https:\/\/unissonshaiti.com\/index.php?rest_route=\/wp\/v2\/posts"}],"about":[{"href":"https:\/\/unissonshaiti.com\/index.php?rest_route=\/wp\/v2\/types\/post"}],"author":[{"embeddable":true,"href":"https:\/\/unissonshaiti.com\/index.php?rest_route=\/wp\/v2\/users\/4"}],"replies":[{"embeddable":true,"href":"https:\/\/unissonshaiti.com\/index.php?rest_route=%2Fwp%2Fv2%2Fcomments&post=6607"}],"version-history":[{"count":3,"href":"https:\/\/unissonshaiti.com\/index.php?rest_route=\/wp\/v2\/posts\/6607\/revisions"}],"predecessor-version":[{"id":6611,"href":"https:\/\/unissonshaiti.com\/index.php?rest_route=\/wp\/v2\/posts\/6607\/revisions\/6611"}],"wp:featuredmedia":[{"embeddable":true,"href":"https:\/\/unissonshaiti.com\/index.php?rest_route=\/wp\/v2\/media\/6608"}],"wp:attachment":[{"href":"https:\/\/unissonshaiti.com\/index.php?rest_route=%2Fwp%2Fv2%2Fmedia&parent=6607"}],"wp:term":[{"taxonomy":"category","embeddable":true,"href":"https:\/\/unissonshaiti.com\/index.php?rest_route=%2Fwp%2Fv2%2Fcategories&post=6607"},{"taxonomy":"post_tag","embeddable":true,"href":"https:\/\/unissonshaiti.com\/index.php?rest_route=%2Fwp%2Fv2%2Ftags&post=6607"}],"curies":[{"name":"wp","href":"https:\/\/api.w.org\/{rel}","templated":true}]}}