{"id":6312,"date":"2021-08-06T02:51:59","date_gmt":"2021-08-06T02:51:59","guid":{"rendered":"https:\/\/unissonshaiti.com\/?p=6312"},"modified":"2021-08-06T02:54:18","modified_gmt":"2021-08-06T02:54:18","slug":"sans-laide-du-parrain-boulos-et-dimitri-nauraient-pas-eu-acces-a-la-chambre-de-jovenel-la-bombe-atomique-de-gabriel-fortune","status":"publish","type":"post","link":"https:\/\/unissonshaiti.com\/?p=6312","title":{"rendered":"\u00ab\u00a0Sans l&rsquo;aide du parrain, Boulos et Dimitri n&rsquo;auraient pas eu acc\u00e8s \u00e0 la chambre de Jovenel\u00a0\u00bb, la bombe atomique de Gabriel Fortun\u00e9"},"content":{"rendered":"<div style=\"margin-top: 0px; margin-bottom: 0px;\" class=\"sharethis-inline-share-buttons\" ><\/div>\n<p><strong>L&rsquo;ancien s\u00e9nateur du sud Gabriel Fortun\u00e9 a fait des d\u00e9clarations choc dans une entrevue accord\u00e9e au journaliste Guerrier Henri et diffus\u00e9e \u00e0 l&rsquo;\u00e9mission Boukante lapaw\u00f2l le jeudi 5 ao\u00fbt 2021. Sans b\u00e9gayer, l&rsquo;assassinat de Jovenel Mo\u00efse a \u00e9t\u00e9 vu par Fortun\u00e9 sous      l&rsquo;angle de lutte de classe et de race en Ha\u00efti, d&rsquo;opposition entre la majorit\u00e9 plong\u00e9e dans la mis\u00e8re et la minorit\u00e9, le 1% du peuple qui garde la richesse du pays. Cette minorit\u00e9 est form\u00e9e de mul\u00e2tres et de syrolibannais, a expliqu\u00e9 l&rsquo;ancien \u00e9lu du sud. Cette minorit\u00e9 est la classe \u00e0 laquelle appartiennent Dimitri et Boulos que Gabriel Fortun\u00e9 a accus\u00e9s clairement<\/strong> <strong>et<\/strong> <strong>sans<\/strong> <strong>d\u00e9tour<\/strong>.<\/p>\n\n\n\n<p>Environ 1 mois apr\u00e8s l&rsquo;assassinat, Gabriel Fortun\u00e9 a index\u00e9 les entrepreneurs Reginald Boulos et Dimitri Vorbe comme les mains qui ont financ\u00e9 l&rsquo;assassinat de Jovenel Mo\u00efse. Les tortures sur la personne du pr\u00e9sident assassin\u00e9 t\u00e9moignent du d\u00e9sir de la minorit\u00e9 qualifi\u00e9e de \u00ab\u00a0Milatray\u00a0\u00bb par Fortun\u00e9 d&rsquo;humilier la majorit\u00e9 \u00e0 travers la personne de Jovenel Mo\u00efse. Selon Fortun\u00e9, l&rsquo;humiliation de Jovenel Mo\u00efse est un signal visant \u00e0 faire peur \u00e0 ceux qui osent leur tenir t\u00eate, c&rsquo;est un message pour pousser les politiques noirs \u00e0 se comporter comme ce que Gabriel Fortun\u00e9 appelle les V.E, vrais esclaves au risque de conna\u00eetre le m\u00eame sort que Jovenel Mo\u00efse.<\/p>\n\n\n\n<p>La minorit\u00e9 \u00ab\u00a0Milatray\u00a0\u00bb, selon Fortun\u00e9, refuse de vivre avec la majorit\u00e9 si les \u00e9l\u00e9ments de cette derni\u00e8re ne se r\u00e9solvent \u00e0 n&rsquo;\u00eatre que des V.E. Elle monopolise tout et repousse la concurrence des investisseurs \u00e9trangers en instaurant dans le pays l&rsquo;instabilit\u00e9, la salet\u00e9 et les gangs, nous dit Fortun\u00e9. Comme Jovenel Mo\u00efse s&rsquo;\u00e9tait montr\u00e9 rebelle, la minorit\u00e9 n&rsquo;a pas support\u00e9. L&rsquo;ancien s\u00e9nateur du sud a d\u00e9clar\u00e9 sans langue de bois que \u00ab\u00a0Boulos et Dimitri sont arriv\u00e9s dans la chambre de Jovenel Mo\u00efse gr\u00e2ce \u00e0 l&rsquo;aide du parrain qui en a facilit\u00e9 l&rsquo;acc\u00e8s. Gabriel Fortun\u00e9 n&rsquo;a toutefois pas r\u00e9v\u00e9l\u00e9 le nom du parrain \u00e0 qui il fait allusion d\u00e8s qu&rsquo;il commente l&rsquo;assassinat de Jovenel Mo\u00efse dans la presse.<\/p>\n\n\n\n<p>Monsieur Fortun\u00e9 dit s&rsquo;inqui\u00e9ter de l&rsquo;avenir du pays et esp\u00e8re que les politiciens issus de la minorit\u00e9 cesseront de se comporter en vrais esclaves. Il croit n\u00e9cessaire le recours \u00e0 une violence qu&rsquo;il qualifie de lib\u00e9ratrice pour sauver Ha\u00efti. \u00ab\u00a0Je ne parle pas d&rsquo;une violence aveugle, non plus de la violence utilis\u00e9e par Dimitri et Boulos contre Jovenel. Je parle d&rsquo;une violence comme celle ayant d\u00e9bouch\u00e9 sur 1789 ou sur 1804\u00a0\u00bb, a-t-il martel\u00e9 au micro de Guerrier Henri.<\/p>\n\n\n\n<p><strong>Unissons Nous<\/strong><\/p>\n","protected":false},"excerpt":{"rendered":"<p>L&rsquo;ancien s\u00e9nateur du sud Gabriel Fortun\u00e9 a fait des d\u00e9clarations choc dans une entrevue accord\u00e9e au journaliste Guerrier Henri et diffus\u00e9e \u00e0 l&rsquo;\u00e9mission Boukante lapaw\u00f2l le jeudi 5 ao\u00fbt 2021. Sans b\u00e9gayer, l&rsquo;assassinat de Jovenel Mo\u00efse a \u00e9t\u00e9 vu par Fortun\u00e9 sous l&rsquo;angle de lutte de classe et de race en Ha\u00efti, d&rsquo;opposition entre la &hellip;<\/p>\n","protected":false},"author":3,"featured_media":6314,"comment_status":"open","ping_status":"open","sticky":false,"template":"","format":"standard","meta":{"footnotes":""},"categories":[104,105],"tags":[],"class_list":["post-6312","post","type-post","status-publish","format-standard","has-post-thumbnail","","category-actualite","category-politique"],"_links":{"self":[{"href":"https:\/\/unissonshaiti.com\/index.php?rest_route=\/wp\/v2\/posts\/6312","targetHints":{"allow":["GET"]}}],"collection":[{"href":"https:\/\/unissonshaiti.com\/index.php?rest_route=\/wp\/v2\/posts"}],"about":[{"href":"https:\/\/unissonshaiti.com\/index.php?rest_route=\/wp\/v2\/types\/post"}],"author":[{"embeddable":true,"href":"https:\/\/unissonshaiti.com\/index.php?rest_route=\/wp\/v2\/users\/3"}],"replies":[{"embeddable":true,"href":"https:\/\/unissonshaiti.com\/index.php?rest_route=%2Fwp%2Fv2%2Fcomments&post=6312"}],"version-history":[{"count":1,"href":"https:\/\/unissonshaiti.com\/index.php?rest_route=\/wp\/v2\/posts\/6312\/revisions"}],"predecessor-version":[{"id":6313,"href":"https:\/\/unissonshaiti.com\/index.php?rest_route=\/wp\/v2\/posts\/6312\/revisions\/6313"}],"wp:featuredmedia":[{"embeddable":true,"href":"https:\/\/unissonshaiti.com\/index.php?rest_route=\/wp\/v2\/media\/6314"}],"wp:attachment":[{"href":"https:\/\/unissonshaiti.com\/index.php?rest_route=%2Fwp%2Fv2%2Fmedia&parent=6312"}],"wp:term":[{"taxonomy":"category","embeddable":true,"href":"https:\/\/unissonshaiti.com\/index.php?rest_route=%2Fwp%2Fv2%2Fcategories&post=6312"},{"taxonomy":"post_tag","embeddable":true,"href":"https:\/\/unissonshaiti.com\/index.php?rest_route=%2Fwp%2Fv2%2Ftags&post=6312"}],"curies":[{"name":"wp","href":"https:\/\/api.w.org\/{rel}","templated":true}]}}