{"id":6134,"date":"2021-07-28T21:09:08","date_gmt":"2021-07-28T21:09:08","guid":{"rendered":"https:\/\/unissonshaiti.com\/?p=6134"},"modified":"2021-07-28T21:11:02","modified_gmt":"2021-07-28T21:11:02","slug":"premier-conseil-des-ministres-henry-discute-accord-politique-elections-et-jovenel-moise","status":"publish","type":"post","link":"https:\/\/unissonshaiti.com\/?p=6134","title":{"rendered":"Premier Conseil des Ministres\u00a0: Henry discute Accord Politique, Elections et Jovenel Mo\u00efse"},"content":{"rendered":"<div style=\"margin-top: 0px; margin-bottom: 0px;\" class=\"sharethis-inline-share-buttons\" ><\/div>\n<p>Le premier ministre Ariel Henry a donn\u00e9 un point de presse ce mercredi 28 juillet 2021 pour donner des d\u00e9tails \u00e0 propos du premier conseil des ministres qu\u2019il a dirig\u00e9. Le chef du gouvernement a rapport\u00e9 qu\u2019il a partag\u00e9 avec les membres du gouvernement sa vision globale et ses priorit\u00e9s.<\/p>\n\n\n\n<p>Les \u00e9lections le plus vite possible figurent parmi les priorit\u00e9s cependant Ariel Henry comprend la n\u00e9cessit\u00e9 de cr\u00e9er les conditions favorables avant la tenue du scrutin. Comme conditions n\u00e9cessaires, Henry a soulign\u00e9 un retour \u00e0 la s\u00e9curit\u00e9, un r\u00e9tablissement de l\u2019autorit\u00e9 de l\u2019Etat, une stabilit\u00e9 sociale.<\/p>\n\n\n\n<p>Le premier ministre Ariel Henry dit suivre les pas du d\u00e9funt Pr\u00e9sident Jovenel Mo\u00efse qui pr\u00eachait la r\u00e9conciliation et le dialogue. Dans cette perspective, Henry multiplie les rencontres avec les acteurs politiques, \u00e9conomiques et de la soci\u00e9t\u00e9 civile dans le but de trouver un large consensus, un accord politique en vue des \u00e9lections.<\/p>\n\n\n\n<p>La lumi\u00e8re sur l\u2019assassinat du d\u00e9funt Pr\u00e9sident Jovenel Mo\u00efse est aussi une des priorit\u00e9s du gouvernement int\u00e9rimaire, a expliqu\u00e9 Ariel Henry.<\/p>\n\n\n\n<p><strong>Unissons Nous<\/strong><\/p>\n\n\n\n<p><\/p>\n","protected":false},"excerpt":{"rendered":"<p>Le premier ministre Ariel Henry a donn\u00e9 un point de presse ce mercredi 28 juillet 2021 pour donner des d\u00e9tails \u00e0 propos du premier conseil des ministres qu\u2019il a dirig\u00e9. Le chef du gouvernement a rapport\u00e9 qu\u2019il a partag\u00e9 avec les membres du gouvernement sa vision globale et ses priorit\u00e9s. Les \u00e9lections le plus vite &hellip;<\/p>\n","protected":false},"author":3,"featured_media":6133,"comment_status":"open","ping_status":"open","sticky":false,"template":"","format":"standard","meta":{"footnotes":""},"categories":[104,105],"tags":[],"class_list":["post-6134","post","type-post","status-publish","format-standard","has-post-thumbnail","","category-actualite","category-politique"],"_links":{"self":[{"href":"https:\/\/unissonshaiti.com\/index.php?rest_route=\/wp\/v2\/posts\/6134","targetHints":{"allow":["GET"]}}],"collection":[{"href":"https:\/\/unissonshaiti.com\/index.php?rest_route=\/wp\/v2\/posts"}],"about":[{"href":"https:\/\/unissonshaiti.com\/index.php?rest_route=\/wp\/v2\/types\/post"}],"author":[{"embeddable":true,"href":"https:\/\/unissonshaiti.com\/index.php?rest_route=\/wp\/v2\/users\/3"}],"replies":[{"embeddable":true,"href":"https:\/\/unissonshaiti.com\/index.php?rest_route=%2Fwp%2Fv2%2Fcomments&post=6134"}],"version-history":[{"count":1,"href":"https:\/\/unissonshaiti.com\/index.php?rest_route=\/wp\/v2\/posts\/6134\/revisions"}],"predecessor-version":[{"id":6135,"href":"https:\/\/unissonshaiti.com\/index.php?rest_route=\/wp\/v2\/posts\/6134\/revisions\/6135"}],"wp:featuredmedia":[{"embeddable":true,"href":"https:\/\/unissonshaiti.com\/index.php?rest_route=\/wp\/v2\/media\/6133"}],"wp:attachment":[{"href":"https:\/\/unissonshaiti.com\/index.php?rest_route=%2Fwp%2Fv2%2Fmedia&parent=6134"}],"wp:term":[{"taxonomy":"category","embeddable":true,"href":"https:\/\/unissonshaiti.com\/index.php?rest_route=%2Fwp%2Fv2%2Fcategories&post=6134"},{"taxonomy":"post_tag","embeddable":true,"href":"https:\/\/unissonshaiti.com\/index.php?rest_route=%2Fwp%2Fv2%2Ftags&post=6134"}],"curies":[{"name":"wp","href":"https:\/\/api.w.org\/{rel}","templated":true}]}}