{"id":6071,"date":"2021-07-26T18:22:07","date_gmt":"2021-07-26T18:22:07","guid":{"rendered":"https:\/\/unissonshaiti.com\/?p=6071"},"modified":"2021-07-26T18:22:32","modified_gmt":"2021-07-26T18:22:32","slug":"assassinat-de-jovenel-moise-un-mandat-damener-emis-contre-la-juge-wendelle-coq-thelot","status":"publish","type":"post","link":"https:\/\/unissonshaiti.com\/?p=6071","title":{"rendered":"Assassinat de Jovenel Mo\u00efse: Un mandat d\u2019amener \u00e9mis contre la juge Wendelle Coq Th\u00e9lot"},"content":{"rendered":"<div style=\"margin-top: 0px; margin-bottom: 0px;\" class=\"sharethis-inline-share-buttons\" ><\/div>\n<p><strong><em>Port-au-Prince, lundi 26 juillet 2021[ UNISSONS INFOS]<\/em><\/strong><\/p>\n\n\n\n<p><strong><em>Le commissaire du Gouvernement pr\u00e8s le tribunal de premi\u00e8re instance de Port-au-Prince, en date du 19 juillet 2021, a \u00e9mis deux mandats d\u2019amener \u00e0 l\u2019encontre de la juge Mme Wendelle Coq Th\u00e9lot et du coordonnateur de la s\u00e9curit\u00e9 du chef de l\u2019\u00c9tat, Jean Laguel Civil pour leur implication pr\u00e9sum\u00e9e dans l&rsquo;assassinat du pr\u00e9sident Jovenel Mo\u00efse<\/em><\/strong><\/p>\n\n\n\n<p>\u201cLe commissaire du gouvernement demande \u00e0 la direction centrale de la police judiciaire (DCPJ) de prendre les mesures n\u00e9cessaires aux fins de rechercher, conduire et amener devant le parquet, Windelle Coq Th\u00e9lot, pour des faits d\u2019assassinat et de vol \u00e0 main arm\u00e9e au pr\u00e9judice du pr\u00e9sident de la R\u00e9publique\u201d, lit-on dans le mandat.<\/p>\n\n\n\n<p>Parrall\u00e8llement, le commissaire divisionnaire Jean Laguel Civil, l&rsquo;un des hauts responsables de la s\u00e9curit\u00e9 du pr\u00e9sident Mo\u00efse, fait \u00e9galement l\u2019objet d\u2019un mandat d\u2019amener pour les m\u00eames accusations.<\/p>\n\n\n\n<p><\/p>\n","protected":false},"excerpt":{"rendered":"<p>Port-au-Prince, lundi 26 juillet 2021[ UNISSONS INFOS] Le commissaire du Gouvernement pr\u00e8s le tribunal de premi\u00e8re instance de Port-au-Prince, en date du 19 juillet 2021, a \u00e9mis deux mandats d\u2019amener \u00e0 l\u2019encontre de la juge Mme Wendelle Coq Th\u00e9lot et du coordonnateur de la s\u00e9curit\u00e9 du chef de l\u2019\u00c9tat, Jean Laguel Civil pour leur implication &hellip;<\/p>\n","protected":false},"author":4,"featured_media":6073,"comment_status":"open","ping_status":"open","sticky":false,"template":"","format":"standard","meta":{"footnotes":""},"categories":[104],"tags":[],"class_list":["post-6071","post","type-post","status-publish","format-standard","has-post-thumbnail","","category-actualite"],"_links":{"self":[{"href":"https:\/\/unissonshaiti.com\/index.php?rest_route=\/wp\/v2\/posts\/6071","targetHints":{"allow":["GET"]}}],"collection":[{"href":"https:\/\/unissonshaiti.com\/index.php?rest_route=\/wp\/v2\/posts"}],"about":[{"href":"https:\/\/unissonshaiti.com\/index.php?rest_route=\/wp\/v2\/types\/post"}],"author":[{"embeddable":true,"href":"https:\/\/unissonshaiti.com\/index.php?rest_route=\/wp\/v2\/users\/4"}],"replies":[{"embeddable":true,"href":"https:\/\/unissonshaiti.com\/index.php?rest_route=%2Fwp%2Fv2%2Fcomments&post=6071"}],"version-history":[{"count":2,"href":"https:\/\/unissonshaiti.com\/index.php?rest_route=\/wp\/v2\/posts\/6071\/revisions"}],"predecessor-version":[{"id":6075,"href":"https:\/\/unissonshaiti.com\/index.php?rest_route=\/wp\/v2\/posts\/6071\/revisions\/6075"}],"wp:featuredmedia":[{"embeddable":true,"href":"https:\/\/unissonshaiti.com\/index.php?rest_route=\/wp\/v2\/media\/6073"}],"wp:attachment":[{"href":"https:\/\/unissonshaiti.com\/index.php?rest_route=%2Fwp%2Fv2%2Fmedia&parent=6071"}],"wp:term":[{"taxonomy":"category","embeddable":true,"href":"https:\/\/unissonshaiti.com\/index.php?rest_route=%2Fwp%2Fv2%2Fcategories&post=6071"},{"taxonomy":"post_tag","embeddable":true,"href":"https:\/\/unissonshaiti.com\/index.php?rest_route=%2Fwp%2Fv2%2Ftags&post=6071"}],"curies":[{"name":"wp","href":"https:\/\/api.w.org\/{rel}","templated":true}]}}