{"id":6041,"date":"2021-07-23T19:04:19","date_gmt":"2021-07-23T19:04:19","guid":{"rendered":"https:\/\/unissonshaiti.com\/?p=6041"},"modified":"2021-07-23T19:08:03","modified_gmt":"2021-07-23T19:08:03","slug":"martelly-absent-aux-funeraillessouhaite-a-jovenel-de-reposer-en-paix","status":"publish","type":"post","link":"https:\/\/unissonshaiti.com\/?p=6041","title":{"rendered":"Martelly, absent aux fun\u00e9railles,souhaite \u00e0 Jovenel de reposer en paix"},"content":{"rendered":"<div style=\"margin-top: 0px; margin-bottom: 0px;\" class=\"sharethis-inline-share-buttons\" ><\/div>\n<p>L&rsquo;ex-pr\u00e9sident Michel Martelly n&rsquo;a pas pu se rendre aux fun\u00e9railles de Jovenel Mo\u00efse qu&rsquo;il appelle son fr\u00e8re. Il a avou\u00e9 \u00eatre encore meurtri du fait de l&rsquo;assassinat de son \u00ab\u00a0fr\u00e8re\u00a0\u00bb. Pour raison de convenances personnelles, il a d\u00fb renoncer au devoir d&rsquo;accompagner son \u00ab\u00a0fr\u00e8re\u00a0\u00bb \u00e0 derni\u00e8re demeure mais il lui souhaite de reposer en paix.<\/p>\n\n\n\n<p>\u00ab\u00a0Repose en paix mon fr\u00e8re Jovenel Mo\u00efse. Encore meurtri par ton d\u00e9part pr\u00e9matur\u00e9, sagesse et convenance personnelle, j&rsquo;ai d\u00fb renoncer au devoir de t&rsquo;accompagner dignement jusqu&rsquo;\u00e0 ta derni\u00e8re demeure. Tu es parti avant nous. Tu resteras parmi nous.#RIP#JistispouJovenel.\u00a0\u00bb, a twitt\u00e9 Martelly.<\/p>\n\n\n\n<p><strong>Unissons Nous<\/strong><\/p>\n","protected":false},"excerpt":{"rendered":"<p>L&rsquo;ex-pr\u00e9sident Michel Martelly n&rsquo;a pas pu se rendre aux fun\u00e9railles de Jovenel Mo\u00efse qu&rsquo;il appelle son fr\u00e8re. Il a avou\u00e9 \u00eatre encore meurtri du fait de l&rsquo;assassinat de son \u00ab\u00a0fr\u00e8re\u00a0\u00bb. Pour raison de convenances personnelles, il a d\u00fb renoncer au devoir d&rsquo;accompagner son \u00ab\u00a0fr\u00e8re\u00a0\u00bb \u00e0 derni\u00e8re demeure mais il lui souhaite de reposer en paix. &hellip;<\/p>\n","protected":false},"author":3,"featured_media":6040,"comment_status":"open","ping_status":"open","sticky":false,"template":"","format":"standard","meta":{"footnotes":""},"categories":[104,154,105],"tags":[],"class_list":["post-6041","post","type-post","status-publish","format-standard","has-post-thumbnail","","category-actualite","category-justice","category-politique"],"_links":{"self":[{"href":"https:\/\/unissonshaiti.com\/index.php?rest_route=\/wp\/v2\/posts\/6041","targetHints":{"allow":["GET"]}}],"collection":[{"href":"https:\/\/unissonshaiti.com\/index.php?rest_route=\/wp\/v2\/posts"}],"about":[{"href":"https:\/\/unissonshaiti.com\/index.php?rest_route=\/wp\/v2\/types\/post"}],"author":[{"embeddable":true,"href":"https:\/\/unissonshaiti.com\/index.php?rest_route=\/wp\/v2\/users\/3"}],"replies":[{"embeddable":true,"href":"https:\/\/unissonshaiti.com\/index.php?rest_route=%2Fwp%2Fv2%2Fcomments&post=6041"}],"version-history":[{"count":1,"href":"https:\/\/unissonshaiti.com\/index.php?rest_route=\/wp\/v2\/posts\/6041\/revisions"}],"predecessor-version":[{"id":6042,"href":"https:\/\/unissonshaiti.com\/index.php?rest_route=\/wp\/v2\/posts\/6041\/revisions\/6042"}],"wp:featuredmedia":[{"embeddable":true,"href":"https:\/\/unissonshaiti.com\/index.php?rest_route=\/wp\/v2\/media\/6040"}],"wp:attachment":[{"href":"https:\/\/unissonshaiti.com\/index.php?rest_route=%2Fwp%2Fv2%2Fmedia&parent=6041"}],"wp:term":[{"taxonomy":"category","embeddable":true,"href":"https:\/\/unissonshaiti.com\/index.php?rest_route=%2Fwp%2Fv2%2Fcategories&post=6041"},{"taxonomy":"post_tag","embeddable":true,"href":"https:\/\/unissonshaiti.com\/index.php?rest_route=%2Fwp%2Fv2%2Ftags&post=6041"}],"curies":[{"name":"wp","href":"https:\/\/api.w.org\/{rel}","templated":true}]}}