{"id":6024,"date":"2021-07-22T15:05:29","date_gmt":"2021-07-22T15:05:29","guid":{"rendered":"https:\/\/unissonshaiti.com\/?p=6024"},"modified":"2021-07-22T15:05:52","modified_gmt":"2021-07-22T15:05:52","slug":"daniel-foote-envoye-special-des-etats-unis-en-haiti","status":"publish","type":"post","link":"https:\/\/unissonshaiti.com\/?p=6024","title":{"rendered":"Daniel Foote, envoy\u00e9 sp\u00e9cial des \u00c9tats-Unis en Ha\u00efti"},"content":{"rendered":"<div style=\"margin-top: 0px; margin-bottom: 0px;\" class=\"sharethis-inline-share-buttons\" ><\/div>\n<p><strong><em>Port-au-Prince, jeudi 22 juillet 2021[ UNISSONS INFOS]<\/em><\/strong><\/p>\n\n\n\n<p><strong><em>Les \u00c9tats-Unis ont d\u00e9sign\u00e9 un nouvel envoy\u00e9 sp\u00e9cial en Ha\u00efti, il s\u2019agit de l\u2019ambassadeur Daniel Foote, a-t-on appris ce jeudi 22 juillet 2021. L\u2019ambassadeur doit rentrer en Ha\u00efti pour cr\u00e9er un canal de discussions entre les ha\u00eftiens et les partenaires internationaux.<\/em><\/strong><\/p>\n\n\n\n<p>\u201cNous avons le plaisir d\u2019annoncer que l\u2019ambassadeur Daniel Foote, membre de carri\u00e8re du Senior Foreign Service, sera l\u2019envoy\u00e9 sp\u00e9cial pour Ha\u00efti. Il dirigera, avec l\u2019ambassadeur des \u00c9tats-Unis, nos efforts pour soutenir le peuple ha\u00eftien \u00e0 la suite de l\u2019assassinat de Jovenel Mo\u00efse\u201d, a tweet\u00e9 ce jeudi matin le secr\u00e9taire d\u2019\u00c9tat am\u00e9ricain.<\/p>\n\n\n\n<p>\u00a0\u00bb L\u2019envoy\u00e9 sp\u00e9cial s\u2019engagera avec des partenaires ha\u00eftiens et internationaux pour faciliter la paix et la stabilit\u00e9 \u00e0 long terme et soutenir les efforts visant \u00e0 organiser des \u00e9lections pr\u00e9sidentielles et l\u00e9gislatives libres et \u00e9quitables\u00a0\u00bb, a d\u00e9clar\u00e9 le d\u00e9partement d\u2019\u00c9tat, sans toutefois avancer une date exacte pour la tenue de ces joutes<\/p>\n\n\n\n<p><\/p>\n","protected":false},"excerpt":{"rendered":"<p>Port-au-Prince, jeudi 22 juillet 2021[ UNISSONS INFOS] Les \u00c9tats-Unis ont d\u00e9sign\u00e9 un nouvel envoy\u00e9 sp\u00e9cial en Ha\u00efti, il s\u2019agit de l\u2019ambassadeur Daniel Foote, a-t-on appris ce jeudi 22 juillet 2021. L\u2019ambassadeur doit rentrer en Ha\u00efti pour cr\u00e9er un canal de discussions entre les ha\u00eftiens et les partenaires internationaux. \u201cNous avons le plaisir d\u2019annoncer que l\u2019ambassadeur &hellip;<\/p>\n","protected":false},"author":4,"featured_media":6025,"comment_status":"open","ping_status":"open","sticky":false,"template":"","format":"standard","meta":{"footnotes":""},"categories":[104],"tags":[],"class_list":["post-6024","post","type-post","status-publish","format-standard","has-post-thumbnail","","category-actualite"],"_links":{"self":[{"href":"https:\/\/unissonshaiti.com\/index.php?rest_route=\/wp\/v2\/posts\/6024","targetHints":{"allow":["GET"]}}],"collection":[{"href":"https:\/\/unissonshaiti.com\/index.php?rest_route=\/wp\/v2\/posts"}],"about":[{"href":"https:\/\/unissonshaiti.com\/index.php?rest_route=\/wp\/v2\/types\/post"}],"author":[{"embeddable":true,"href":"https:\/\/unissonshaiti.com\/index.php?rest_route=\/wp\/v2\/users\/4"}],"replies":[{"embeddable":true,"href":"https:\/\/unissonshaiti.com\/index.php?rest_route=%2Fwp%2Fv2%2Fcomments&post=6024"}],"version-history":[{"count":1,"href":"https:\/\/unissonshaiti.com\/index.php?rest_route=\/wp\/v2\/posts\/6024\/revisions"}],"predecessor-version":[{"id":6026,"href":"https:\/\/unissonshaiti.com\/index.php?rest_route=\/wp\/v2\/posts\/6024\/revisions\/6026"}],"wp:featuredmedia":[{"embeddable":true,"href":"https:\/\/unissonshaiti.com\/index.php?rest_route=\/wp\/v2\/media\/6025"}],"wp:attachment":[{"href":"https:\/\/unissonshaiti.com\/index.php?rest_route=%2Fwp%2Fv2%2Fmedia&parent=6024"}],"wp:term":[{"taxonomy":"category","embeddable":true,"href":"https:\/\/unissonshaiti.com\/index.php?rest_route=%2Fwp%2Fv2%2Fcategories&post=6024"},{"taxonomy":"post_tag","embeddable":true,"href":"https:\/\/unissonshaiti.com\/index.php?rest_route=%2Fwp%2Fv2%2Ftags&post=6024"}],"curies":[{"name":"wp","href":"https:\/\/api.w.org\/{rel}","templated":true}]}}