{"id":6018,"date":"2021-07-21T18:27:21","date_gmt":"2021-07-21T18:27:21","guid":{"rendered":"https:\/\/unissonshaiti.com\/?p=6018"},"modified":"2021-07-21T18:27:53","modified_gmt":"2021-07-21T18:27:53","slug":"la-ville-historique-du-cap-haitien-accueillera-les-funerailles-du-president-jovenel-moise-ce-23-juillet-2021","status":"publish","type":"post","link":"https:\/\/unissonshaiti.com\/?p=6018","title":{"rendered":"La ville historique du Cap-Ha\u00eftien accueillera les fun\u00e9railles du pr\u00e9sident Jovenel Mo\u00efse ce 23 juillet 2021"},"content":{"rendered":"<div style=\"margin-top: 0px; margin-bottom: 0px;\" class=\"sharethis-inline-share-buttons\" ><\/div>\n<p><strong><em>Port-au-Prince, mercredi 21 juillet 2021( UNISSONS INFOS]<\/em><\/strong><\/p>\n\n\n\n<p><strong>Ce vendredi 23 juillet 2021, la ville historique du Cap-Ha\u00eftien accueillera les fun\u00e9railles du pr\u00e9sident Jovenel Mo\u00efse, assassin\u00e9 le 07 juillet dernier en sa r\u00e9sidence priv\u00e9e \u00e0 P\u00e8lerin 05<\/strong> ( <em><strong>dans les hauteurs de P\u00e9tion-Ville)<\/strong><\/em><\/p>\n\n\n\n<p>Un comit\u00e9 charg\u00e9 d\u2019organiser les fun\u00e9railles nationales de l&rsquo;ex-chef de l\u2019\u00c9tat a \u00e9t\u00e9 form\u00e9 par un arr\u00eat\u00e9 pris en Conseil des ministres le 12 juillet dernier. Diff\u00e9rents \u00e9v\u00e9nements autour de ces obs\u00e8ques sont organis\u00e9s d\u00e8s ce mercredi dans la deuxi\u00e8me ville du pays.<\/p>\n\n\n\n<p><strong>Ce mercredi 21 juillet 2021 :<\/strong><br>Journ\u00e9e d&rsquo;hommage au d\u00e9funt Pr\u00e9sident de la R\u00e9publique, Jovenel Mo\u00efse, avec d\u00e9p\u00f4ts de gerbes de fleurs ;<\/p>\n\n\n\n<p>Ouverture d&rsquo;un registre de condol\u00e9ances dans les 19 Mairies du D\u00e9partement du Nord de 10h00 a.m. \u00e0 5h00 p.m.<\/p>\n\n\n\n<p><strong>Jeudi 22 juillet 2021 :<\/strong><br>Messe patriotique sera chant\u00e9e en la cath\u00e9drale de Cap-Ha\u00eftien ( la Basilique Notre-Dame) \u00e0 compter de 9h00 du matin.<\/p>\n\n\n\n<p>Cette messe sera suivie d&rsquo;une marche et d&rsquo;une veill\u00e9e patriotique d\u00e8s 6h00 p.m.<\/p>\n\n\n\n<p><strong>Vendredi 23 juillet 2021 au Village SOS<\/strong> :<br>Les fun\u00e9railles du Pr\u00e9sident Jovenel Mo\u00efse, seront chant\u00e9es \u00e0 10h00 a.m. en la r\u00e9sidence priv\u00e9e de la Famille Mo\u00efse situ\u00e9e dans la localit\u00e9 d\u00e9nomm\u00e9e Village SOS.<\/p>\n\n\n\n<p>Faut-il rappeller que \u00ab la famille pr\u00e9sidentielle souhaite prendre \u00e0 sa seule charge les d\u00e9penses li\u00e9es aux fun\u00e9railles \u00bb et refuse tout \u00ab support financier du Tr\u00e9sor public \u00bb.<\/p>\n","protected":false},"excerpt":{"rendered":"<p>Port-au-Prince, mercredi 21 juillet 2021( UNISSONS INFOS] Ce vendredi 23 juillet 2021, la ville historique du Cap-Ha\u00eftien accueillera les fun\u00e9railles du pr\u00e9sident Jovenel Mo\u00efse, assassin\u00e9 le 07 juillet dernier en sa r\u00e9sidence priv\u00e9e \u00e0 P\u00e8lerin 05 ( dans les hauteurs de P\u00e9tion-Ville) Un comit\u00e9 charg\u00e9 d\u2019organiser les fun\u00e9railles nationales de l&rsquo;ex-chef de l\u2019\u00c9tat a \u00e9t\u00e9 &hellip;<\/p>\n","protected":false},"author":4,"featured_media":5747,"comment_status":"open","ping_status":"open","sticky":false,"template":"","format":"standard","meta":{"footnotes":""},"categories":[104],"tags":[],"class_list":["post-6018","post","type-post","status-publish","format-standard","has-post-thumbnail","","category-actualite"],"_links":{"self":[{"href":"https:\/\/unissonshaiti.com\/index.php?rest_route=\/wp\/v2\/posts\/6018","targetHints":{"allow":["GET"]}}],"collection":[{"href":"https:\/\/unissonshaiti.com\/index.php?rest_route=\/wp\/v2\/posts"}],"about":[{"href":"https:\/\/unissonshaiti.com\/index.php?rest_route=\/wp\/v2\/types\/post"}],"author":[{"embeddable":true,"href":"https:\/\/unissonshaiti.com\/index.php?rest_route=\/wp\/v2\/users\/4"}],"replies":[{"embeddable":true,"href":"https:\/\/unissonshaiti.com\/index.php?rest_route=%2Fwp%2Fv2%2Fcomments&post=6018"}],"version-history":[{"count":2,"href":"https:\/\/unissonshaiti.com\/index.php?rest_route=\/wp\/v2\/posts\/6018\/revisions"}],"predecessor-version":[{"id":6020,"href":"https:\/\/unissonshaiti.com\/index.php?rest_route=\/wp\/v2\/posts\/6018\/revisions\/6020"}],"wp:featuredmedia":[{"embeddable":true,"href":"https:\/\/unissonshaiti.com\/index.php?rest_route=\/wp\/v2\/media\/5747"}],"wp:attachment":[{"href":"https:\/\/unissonshaiti.com\/index.php?rest_route=%2Fwp%2Fv2%2Fmedia&parent=6018"}],"wp:term":[{"taxonomy":"category","embeddable":true,"href":"https:\/\/unissonshaiti.com\/index.php?rest_route=%2Fwp%2Fv2%2Fcategories&post=6018"},{"taxonomy":"post_tag","embeddable":true,"href":"https:\/\/unissonshaiti.com\/index.php?rest_route=%2Fwp%2Fv2%2Ftags&post=6018"}],"curies":[{"name":"wp","href":"https:\/\/api.w.org\/{rel}","templated":true}]}}