{"id":5553,"date":"2021-07-07T13:10:57","date_gmt":"2021-07-07T13:10:57","guid":{"rendered":"https:\/\/unissonshaiti.com\/?p=5553"},"modified":"2021-07-07T13:11:25","modified_gmt":"2021-07-07T13:11:25","slug":"le-president-jovenel-moise-assassine","status":"publish","type":"post","link":"https:\/\/unissonshaiti.com\/?p=5553","title":{"rendered":"Le pr\u00e9sident Jovenel Mo\u00efse assassin\u00e9"},"content":{"rendered":"<div style=\"margin-top: 0px; margin-bottom: 0px;\" class=\"sharethis-inline-share-buttons\" ><\/div>\n<p><strong><em>Port-au-Prince, mercredi 07 f\u00e9vrier 2021[  UNISSONS  INFOS]<\/em><\/strong><\/p>\n\n\n\n<p><strong><em>Le pr\u00e9sident d\u2019Ha\u00efti, Jovenel Mo\u00efse, a \u00e9t\u00e9 assassin\u00e9 par un commando dans la nuit du mardi 6 au mercredi 7 juillet, selon le premier ministre sortant, Claude Joseph<\/em><\/strong>.<\/p>\n\n\n\n<p>\u00ab Vers une heure du matin, dans la nuit du mardi 6 au mercredi 7 juillet 2021, un groupe d\u2019individus non identifi\u00e9s, dont certains parlaient en espagnol ont attaqu\u00e9 la r\u00e9sidence priv\u00e9e du pr\u00e9sident de la R\u00e9publique et ainsi bless\u00e9 mortellement le chef de l\u2019Etat \u00bb, a annonc\u00e9 le chef du gouvernement dans un communiqu\u00e9.<\/p>\n\n\n\n<p>Sa femme, Martine Mo\u00efse, a \u00e9galement \u00e9t\u00e9 bless\u00e9e dans l&rsquo;attaque. Elle a \u00e9t\u00e9 transport\u00e9e \u00e0 l&rsquo;h\u00f4pital et prend les soins que n\u00e9cessite son cas, a ajout\u00e9 le premier ministre.<\/p>\n\n\n\n<p>Claude Joseph a condamn\u00e9 cet acte odieux, inhumain et barbare. Il a appel\u00e9 la population au calme.<\/p>\n\n\n\n<p>Jovenel Mo\u00efse, 53 ans, avait \u00e9t\u00e9 \u00e9lu pr\u00e9sident en 2016 et avait pris ses fonctions le 7 f\u00e9vrier 2017.<\/p>\n\n\n\n<p>Le pr\u00e9sident \u00e9tait toutefois d\u00e9termin\u00e9 \u00e0 terminer son mandat, qui venait \u00e0 \u00e9ch\u00e9ance en 2022.<\/p>\n\n\n\n<p>Rappelons que Jovenel Mo\u00efse  avoir \u00e9chapp\u00e9 \u00e0 une tentative d&rsquo;assassinat et de coup d&rsquo;\u00c9tat en f\u00e9vrier dernier.<\/p>\n","protected":false},"excerpt":{"rendered":"<p>Port-au-Prince, mercredi 07 f\u00e9vrier 2021[ UNISSONS INFOS] Le pr\u00e9sident d\u2019Ha\u00efti, Jovenel Mo\u00efse, a \u00e9t\u00e9 assassin\u00e9 par un commando dans la nuit du mardi 6 au mercredi 7 juillet, selon le premier ministre sortant, Claude Joseph. \u00ab Vers une heure du matin, dans la nuit du mardi 6 au mercredi 7 juillet 2021, un groupe d\u2019individus &hellip;<\/p>\n","protected":false},"author":4,"featured_media":5498,"comment_status":"open","ping_status":"open","sticky":false,"template":"","format":"standard","meta":{"footnotes":""},"categories":[104],"tags":[],"class_list":["post-5553","post","type-post","status-publish","format-standard","has-post-thumbnail","","category-actualite"],"_links":{"self":[{"href":"https:\/\/unissonshaiti.com\/index.php?rest_route=\/wp\/v2\/posts\/5553","targetHints":{"allow":["GET"]}}],"collection":[{"href":"https:\/\/unissonshaiti.com\/index.php?rest_route=\/wp\/v2\/posts"}],"about":[{"href":"https:\/\/unissonshaiti.com\/index.php?rest_route=\/wp\/v2\/types\/post"}],"author":[{"embeddable":true,"href":"https:\/\/unissonshaiti.com\/index.php?rest_route=\/wp\/v2\/users\/4"}],"replies":[{"embeddable":true,"href":"https:\/\/unissonshaiti.com\/index.php?rest_route=%2Fwp%2Fv2%2Fcomments&post=5553"}],"version-history":[{"count":2,"href":"https:\/\/unissonshaiti.com\/index.php?rest_route=\/wp\/v2\/posts\/5553\/revisions"}],"predecessor-version":[{"id":5555,"href":"https:\/\/unissonshaiti.com\/index.php?rest_route=\/wp\/v2\/posts\/5553\/revisions\/5555"}],"wp:featuredmedia":[{"embeddable":true,"href":"https:\/\/unissonshaiti.com\/index.php?rest_route=\/wp\/v2\/media\/5498"}],"wp:attachment":[{"href":"https:\/\/unissonshaiti.com\/index.php?rest_route=%2Fwp%2Fv2%2Fmedia&parent=5553"}],"wp:term":[{"taxonomy":"category","embeddable":true,"href":"https:\/\/unissonshaiti.com\/index.php?rest_route=%2Fwp%2Fv2%2Fcategories&post=5553"},{"taxonomy":"post_tag","embeddable":true,"href":"https:\/\/unissonshaiti.com\/index.php?rest_route=%2Fwp%2Fv2%2Ftags&post=5553"}],"curies":[{"name":"wp","href":"https:\/\/api.w.org\/{rel}","templated":true}]}}