{"id":5548,"date":"2021-07-07T09:41:22","date_gmt":"2021-07-07T09:41:22","guid":{"rendered":"https:\/\/unissonshaiti.com\/?p=5548"},"modified":"2021-07-08T01:11:31","modified_gmt":"2021-07-08T01:11:31","slug":"assassinatle-president-jovenel-moise-nest-plus-2","status":"publish","type":"post","link":"https:\/\/unissonshaiti.com\/?p=5548","title":{"rendered":"Assassinat:Le pr\u00e9sident Jovenel Mo\u00efse n&rsquo;est plus"},"content":{"rendered":"<div style=\"margin-top: 0px; margin-bottom: 0px;\" class=\"sharethis-inline-share-buttons\" ><\/div>\n<p>Le pr\u00e9sident Jovenel Mo\u00efse a \u00e9t\u00e9 assassin\u00e9 dans la nuit du 6 au 7 juillet 2021. Les premi\u00e8res informations font croire qu&rsquo;un commando de colombiens et de venezueliens est \u00e0 la base de cet acte odieux contre le premier des ha\u00eftiens. Sa femme Martine Mo\u00efse, atteinte de plusieurs projectiles a \u00e9t\u00e9 emmen\u00e9e \u00e0 l&rsquo;h\u00f4pital. Hier soir, \u00e0 P\u00e8lerin, des d\u00e9tonations d&rsquo;armes ont \u00e9t\u00e9 entendues. Les assassins semblent avoir neutralis\u00e9 les agents de s\u00e9curit\u00e9 du Pr\u00e9sident Mo\u00efse qui n&rsquo;est d\u00e9sormais plus.<\/p>\n\n\n\n<p><strong>Unissons Nous<\/strong><\/p>\n","protected":false},"excerpt":{"rendered":"<p>Le pr\u00e9sident Jovenel Mo\u00efse a \u00e9t\u00e9 assassin\u00e9 dans la nuit du 6 au 7 juillet 2021. Les premi\u00e8res informations font croire qu&rsquo;un commando de colombiens et de venezueliens est \u00e0 la base de cet acte odieux contre le premier des ha\u00eftiens. Sa femme Martine Mo\u00efse, atteinte de plusieurs projectiles a \u00e9t\u00e9 emmen\u00e9e \u00e0 l&rsquo;h\u00f4pital. Hier &hellip;<\/p>\n","protected":false},"author":3,"featured_media":5545,"comment_status":"open","ping_status":"open","sticky":false,"template":"","format":"standard","meta":{"footnotes":""},"categories":[104,154,105],"tags":[],"class_list":["post-5548","post","type-post","status-publish","format-standard","has-post-thumbnail","","category-actualite","category-justice","category-politique"],"_links":{"self":[{"href":"https:\/\/unissonshaiti.com\/index.php?rest_route=\/wp\/v2\/posts\/5548","targetHints":{"allow":["GET"]}}],"collection":[{"href":"https:\/\/unissonshaiti.com\/index.php?rest_route=\/wp\/v2\/posts"}],"about":[{"href":"https:\/\/unissonshaiti.com\/index.php?rest_route=\/wp\/v2\/types\/post"}],"author":[{"embeddable":true,"href":"https:\/\/unissonshaiti.com\/index.php?rest_route=\/wp\/v2\/users\/3"}],"replies":[{"embeddable":true,"href":"https:\/\/unissonshaiti.com\/index.php?rest_route=%2Fwp%2Fv2%2Fcomments&post=5548"}],"version-history":[{"count":2,"href":"https:\/\/unissonshaiti.com\/index.php?rest_route=\/wp\/v2\/posts\/5548\/revisions"}],"predecessor-version":[{"id":5550,"href":"https:\/\/unissonshaiti.com\/index.php?rest_route=\/wp\/v2\/posts\/5548\/revisions\/5550"}],"wp:featuredmedia":[{"embeddable":true,"href":"https:\/\/unissonshaiti.com\/index.php?rest_route=\/wp\/v2\/media\/5545"}],"wp:attachment":[{"href":"https:\/\/unissonshaiti.com\/index.php?rest_route=%2Fwp%2Fv2%2Fmedia&parent=5548"}],"wp:term":[{"taxonomy":"category","embeddable":true,"href":"https:\/\/unissonshaiti.com\/index.php?rest_route=%2Fwp%2Fv2%2Fcategories&post=5548"},{"taxonomy":"post_tag","embeddable":true,"href":"https:\/\/unissonshaiti.com\/index.php?rest_route=%2Fwp%2Fv2%2Ftags&post=5548"}],"curies":[{"name":"wp","href":"https:\/\/api.w.org\/{rel}","templated":true}]}}