{"id":5416,"date":"2021-07-01T19:01:51","date_gmt":"2021-07-01T19:01:51","guid":{"rendered":"https:\/\/unissonshaiti.com\/?p=5416"},"modified":"2021-07-02T00:53:48","modified_gmt":"2021-07-02T00:53:48","slug":"netty-etait-mon-amie-pleure-claude-joseph-2","status":"publish","type":"post","link":"https:\/\/unissonshaiti.com\/?p=5416","title":{"rendered":"\u00ab\u00a0Netty \u00e9tait mon amie\u00a0\u00bb, pleure Claude Joseph"},"content":{"rendered":"<div style=\"margin-top: 0px; margin-bottom: 0px;\" class=\"sharethis-inline-share-buttons\" ><\/div>\n<p>En conf\u00e9rence de presse ce jeudi 1er juillet 2021, le Premier Ministre Claude Joseph a fondu en larmes alors qu&rsquo;il prenait la parole pour la premi\u00e8re fois apr\u00e8s la fusillade \u00e0 Fermas 32 et \u00e0 Christ-Roi.<\/p>\n\n\n\n<p>Parmi les victimes, Claude Joseph dit avoir perdu son amie Antoinette Duclair dite Netty, militante f\u00e9ministe. Le chef du gouvernement a racont\u00e9 des anecdotes \u00e0 propos des blagues que Netty et lui se faisaient mutuellement sur leurs choix politiques. Malgr\u00e9 les diff\u00e9rences de position, cela n&rsquo;a pas emp\u00each\u00e9 qu&rsquo;ils partagent une amiti\u00e9. \u00ab\u00a0Netty n&rsquo;avait pas peur de dire que j&rsquo;\u00e9tais son ami\u00a0\u00bb, a d\u00e9clar\u00e9 Claude Joseph. Le Premier ministre a confi\u00e9 qu&rsquo;il n&rsquo;y a pas si longtemps que Netty lui a rendu visite dans sa r\u00e9sidence priv\u00e9e.<\/p>\n\n\n\n<p>Pour le Premier Ministre et le gouvernement en g\u00e9n\u00e9ral, ce qui s&rsquo;est pass\u00e9 \u00e0 Delmas 32 et \u00e0 Christ-Roi est un attentat terroriste perp\u00e9tr\u00e9 par une organisation terroriste, Fantom 509. Tout en d\u00e9non\u00e7ant la violence comme strat\u00e9gie politique, Claude Joseph assure que les terroristes qui ont tu\u00e9 son amie Netty et les autres victimes vont r\u00e9pondre de leurs crimes.<\/p>\n\n\n\n<p><strong>Unissons <\/strong><\/p>\n","protected":false},"excerpt":{"rendered":"<p>En conf\u00e9rence de presse ce jeudi 1er juillet 2021, le Premier Ministre Claude Joseph a fondu en larmes alors qu&rsquo;il prenait la parole pour la premi\u00e8re fois apr\u00e8s la fusillade \u00e0 Fermas 32 et \u00e0 Christ-Roi. Parmi les victimes, Claude Joseph dit avoir perdu son amie Antoinette Duclair dite Netty, militante f\u00e9ministe. Le chef du &hellip;<\/p>\n","protected":false},"author":3,"featured_media":5432,"comment_status":"open","ping_status":"open","sticky":false,"template":"","format":"standard","meta":{"footnotes":""},"categories":[104,154,105],"tags":[],"class_list":["post-5416","post","type-post","status-publish","format-standard","has-post-thumbnail","","category-actualite","category-justice","category-politique"],"_links":{"self":[{"href":"https:\/\/unissonshaiti.com\/index.php?rest_route=\/wp\/v2\/posts\/5416","targetHints":{"allow":["GET"]}}],"collection":[{"href":"https:\/\/unissonshaiti.com\/index.php?rest_route=\/wp\/v2\/posts"}],"about":[{"href":"https:\/\/unissonshaiti.com\/index.php?rest_route=\/wp\/v2\/types\/post"}],"author":[{"embeddable":true,"href":"https:\/\/unissonshaiti.com\/index.php?rest_route=\/wp\/v2\/users\/3"}],"replies":[{"embeddable":true,"href":"https:\/\/unissonshaiti.com\/index.php?rest_route=%2Fwp%2Fv2%2Fcomments&post=5416"}],"version-history":[{"count":1,"href":"https:\/\/unissonshaiti.com\/index.php?rest_route=\/wp\/v2\/posts\/5416\/revisions"}],"predecessor-version":[{"id":5417,"href":"https:\/\/unissonshaiti.com\/index.php?rest_route=\/wp\/v2\/posts\/5416\/revisions\/5417"}],"wp:featuredmedia":[{"embeddable":true,"href":"https:\/\/unissonshaiti.com\/index.php?rest_route=\/wp\/v2\/media\/5432"}],"wp:attachment":[{"href":"https:\/\/unissonshaiti.com\/index.php?rest_route=%2Fwp%2Fv2%2Fmedia&parent=5416"}],"wp:term":[{"taxonomy":"category","embeddable":true,"href":"https:\/\/unissonshaiti.com\/index.php?rest_route=%2Fwp%2Fv2%2Fcategories&post=5416"},{"taxonomy":"post_tag","embeddable":true,"href":"https:\/\/unissonshaiti.com\/index.php?rest_route=%2Fwp%2Fv2%2Ftags&post=5416"}],"curies":[{"name":"wp","href":"https:\/\/api.w.org\/{rel}","templated":true}]}}