{"id":5061,"date":"2021-06-22T19:27:55","date_gmt":"2021-06-22T19:27:55","guid":{"rendered":"https:\/\/unissonshaiti.com\/?p=5061"},"modified":"2021-06-22T19:37:46","modified_gmt":"2021-06-22T19:37:46","slug":"martissant-le-pm-a-rencontre-les-representants-des-secteurs-lies-aux-deplaces-4","status":"publish","type":"post","link":"https:\/\/unissonshaiti.com\/?p=5061","title":{"rendered":"Martissant\u00a0: Le PM a rencontr\u00e9 les repr\u00e9sentants des secteurs li\u00e9s aux d\u00e9plac\u00e9s"},"content":{"rendered":"<div style=\"margin-top: 0px; margin-bottom: 0px;\" class=\"sharethis-inline-share-buttons\" ><\/div>\n<p>Le lundi 21 juin 2021, le bureau de communication de la Primature a inform\u00e9 qu\u2019une rencontre s\u2019est tenue entre le premier ministre ad int\u00e9rim, Claude Joseph et\u00a0les repr\u00e9sentants des secteurs concern\u00e9s par la situation des d\u00e9plac\u00e9s de Martissant. Ont pris part \u00e0 cette rencontre, le ministre de l\u2019\u00e9conomie et des finances, le ministre des affaires sociales, les directeurs g\u00e9n\u00e9raux du Fonds D\u2019assistance \u00c9conomique et sociale et de l\u2019Organisation Nationale de la Migration.<\/p>\n\n\n\n<p>Cette rencontre fait suite aux instructions donn\u00e9es par le Pr\u00e9sident Jovenel Mo\u00efse au gouvernement afin de permettre aux d\u00e9plac\u00e9s de retourner chez eux en toute s\u00e9curit\u00e9, de les prendre en charge et de&nbsp;les accompagner.<\/p>\n\n\n\n<p>Esp\u00e9rons que le gouvernement r\u00e9ussisse \u00e0 apporter une solution r\u00e9elle aux probl\u00e8mes auxquels font face les d\u00e9plac\u00e9s.<\/p>\n\n\n\n<p><strong>Unissons Nous<\/strong><\/p>\n\n\n\n<p><\/p>\n","protected":false},"excerpt":{"rendered":"<p>Le lundi 21 juin 2021, le bureau de communication de la Primature a inform\u00e9 qu\u2019une rencontre s\u2019est tenue entre le premier ministre ad int\u00e9rim, Claude Joseph et\u00a0les repr\u00e9sentants des secteurs concern\u00e9s par la situation des d\u00e9plac\u00e9s de Martissant. Ont pris part \u00e0 cette rencontre, le ministre de l\u2019\u00e9conomie et des finances, le ministre des affaires &hellip;<\/p>\n","protected":false},"author":3,"featured_media":5050,"comment_status":"open","ping_status":"open","sticky":false,"template":"","format":"standard","meta":{"footnotes":""},"categories":[104],"tags":[],"class_list":["post-5061","post","type-post","status-publish","format-standard","has-post-thumbnail","","category-actualite"],"_links":{"self":[{"href":"https:\/\/unissonshaiti.com\/index.php?rest_route=\/wp\/v2\/posts\/5061","targetHints":{"allow":["GET"]}}],"collection":[{"href":"https:\/\/unissonshaiti.com\/index.php?rest_route=\/wp\/v2\/posts"}],"about":[{"href":"https:\/\/unissonshaiti.com\/index.php?rest_route=\/wp\/v2\/types\/post"}],"author":[{"embeddable":true,"href":"https:\/\/unissonshaiti.com\/index.php?rest_route=\/wp\/v2\/users\/3"}],"replies":[{"embeddable":true,"href":"https:\/\/unissonshaiti.com\/index.php?rest_route=%2Fwp%2Fv2%2Fcomments&post=5061"}],"version-history":[{"count":1,"href":"https:\/\/unissonshaiti.com\/index.php?rest_route=\/wp\/v2\/posts\/5061\/revisions"}],"predecessor-version":[{"id":5062,"href":"https:\/\/unissonshaiti.com\/index.php?rest_route=\/wp\/v2\/posts\/5061\/revisions\/5062"}],"wp:featuredmedia":[{"embeddable":true,"href":"https:\/\/unissonshaiti.com\/index.php?rest_route=\/wp\/v2\/media\/5050"}],"wp:attachment":[{"href":"https:\/\/unissonshaiti.com\/index.php?rest_route=%2Fwp%2Fv2%2Fmedia&parent=5061"}],"wp:term":[{"taxonomy":"category","embeddable":true,"href":"https:\/\/unissonshaiti.com\/index.php?rest_route=%2Fwp%2Fv2%2Fcategories&post=5061"},{"taxonomy":"post_tag","embeddable":true,"href":"https:\/\/unissonshaiti.com\/index.php?rest_route=%2Fwp%2Fv2%2Ftags&post=5061"}],"curies":[{"name":"wp","href":"https:\/\/api.w.org\/{rel}","templated":true}]}}