{"id":4863,"date":"2021-06-15T21:14:21","date_gmt":"2021-06-15T21:14:21","guid":{"rendered":"https:\/\/unissonshaiti.com\/?p=4863"},"modified":"2021-06-15T21:14:47","modified_gmt":"2021-06-15T21:14:47","slug":"a-la-decouverte-de-la-solidarite-citoyenne-pour-le-developpement-de-pestel","status":"publish","type":"post","link":"https:\/\/unissonshaiti.com\/?p=4863","title":{"rendered":"\u00c0 la d\u00e9couverte de la Solidarit\u00e9 Citoyenne pour le d\u00e9veloppement de Pestel."},"content":{"rendered":"<div style=\"margin-top: 0px; margin-bottom: 0px;\" class=\"sharethis-inline-share-buttons\" ><\/div>\n<p><strong><em>Port-au-Prince, mardi 15 juin 2021 [ UNISSONS INFOS]<\/em><\/strong><\/p>\n\n\n\n<p><strong><em>Apr\u00e8s la r\u00e9alisation grandiose du rallye pestelois de la d\u00e9couverte \u00a0le premier mai 2019, cette jeune association, \u00e0 ne pas confondre \u00e0 une association de mineurs, marque sa pr\u00e9sence dans la communaut\u00e9 pesteloise avec une autre activit\u00e9 encore grandiloquente. Celle-ci se lit sous la d\u00e9nomination que voici: Rallye pestelois de l\u2019agriculture. Consciente des probl\u00e8mes auxquels se trouve confront\u00e9e cette communaut\u00e9 d\u2019un attrait si aigu, une \u00e9quipe de jeunes ressortissants, universitaires et professionnels surtout, se regroupant en association d\u00e9cide de porter leur contribution \u00e0 leur propre fa\u00e7on \u00e0 la commune. J\u2019ai susmentionn\u00e9 jeune association c\u2019est par rapport \u00e0 l&rsquo;\u00e2ge de l\u2019association. En ce qui a trait \u00e0 la maturit\u00e9, la SOCIDEP a tout ce qu\u2019il faut pour l\u00e9gitimer la cr\u00e9dibilit\u00e9 et la confiance dont elle jouit. En effet, ce sont des jeunes qui croient au travail. Ils croient en la planification. Pour \u00eatre plus pr\u00e9cis, l\u2019association est n\u00e9e en 2017. SOCIDEP a d\u00e9j\u00e0 r\u00e9alis\u00e9 pas mal d&rsquo;activit\u00e9s d\u2019envergure r\u00e9gionale. A travers ce texte, il est question de scruter la derni\u00e8re activit\u00e9 de l\u2019association qui a eu lieu le premier mai de l&rsquo;ann\u00e9e en cours(2021<\/em><\/strong><\/p>\n\n\n\n<p>Nous sommes le samedi premier mai 2021, dans la matin\u00e9e, \u00e0 l&rsquo;\u00e9glise Saint Joseph de pestel quand le pr\u00eatre No\u00ebl Cedras donnait le coup d\u2019envoi \u00e0 l&rsquo;activit\u00e9. Celle-ci a d\u00e9but\u00e9 par une messe d\u2019action de gr\u00e2ce o\u00f9 les \u00e9l\u00e8ves de plusieurs \u00e9coles de la communaut\u00e9 \u00e9taient convi\u00e9s \u00e0 prendre part. L\u2019assistance \u00e9tait v\u00eatue de T-shirt vert et rouge refl\u00e9tant la couleur de l\u2019association. A l\u2019occasion de cette messe, le pr\u00eatre No\u00ebl Cedras n\u2019a pas fait l&rsquo;\u00e9conomie de son \u00e9nergie pour exhorter les jeunes \u00e0 croire en le travail. Calquant sur sa conception eccl\u00e9siale, il a attribu\u00e9 la naissance du travail pour ne pas dire sa paternit\u00e9 \u00e0 Dieu, quand celui-ci cr\u00e9a les cieux et la terre. C&rsquo;\u00e9tait d\u00e9j\u00e0 la naissance du travail quand Dieu a proc\u00e9d\u00e9 \u00e0 ces cr\u00e9ations. Il a \u00e9galement requis de la jeunesse qu\u2019elle plante des arbres afin de verdoyer encore plus cette extraordinaire commune. En r\u00e9alit\u00e9, la messe ne repr\u00e9sentait que la partie visible de l\u2019iceberg. En effet l&rsquo;activit\u00e9 allait se poursuivre au coll\u00e8ge Saint Fran\u00e7ois d\u2019Assise se situant non loin de l&rsquo;\u00e9glise. Avant de se rendre \u00e0 l&rsquo;\u00e9glise, une prise de photo de toute l\u2019assistance y compris des membres de l\u2019association a eu lieu.<\/p>\n\n\n\n<p>Au coll\u00e8ge Saint Fran\u00e7ois d\u2019Assise, l&rsquo;activit\u00e9 allait \u00e9pouser une tournure conf\u00e9rentielle. Devant une assistance compos\u00e9e pour la plupart des jeunes se trouvaient assis trois conferenciers: Nelson Mondesir, membre fondateur de la SOCIDEP, inspecteur fiscal au minist\u00e8re de l\u2019economie et des finances et professeur \u00e0 l&rsquo;universit\u00e9; Jean Luc Semerzier, Agronome; Senceter Andr\u00e9, \u00e9tudiant finissant en Science de l\u2019agriculture. Chacun de ces intervenants a marqu\u00e9 le public par sa propre mani\u00e8re. C\u2019est Nelson qui a donn\u00e9 le coup d\u2019envoi. Son intervention s&rsquo;articule autour du th\u00e8me de l\u2019importance \u00e9conomique et sociale du travail. Il en a profit\u00e9 pour mettre \u00e0 jour l\u2019ensemble des probl\u00e8mes auxquels se trouve heurt\u00e9e la communaut\u00e9 pesteloise. Ce qui la rend d\u00e9favorable \u00e0 l\u2019investissement. Pour am\u00e9liorer la situation communale, le gestionnaire de formation &nbsp;pense qu\u2019un processus de d\u00e9veloppement local doit \u00eatre enclench\u00e9. Il a \u00e9voqu\u00e9 l\u2019importance du d\u00e9veloppement des coop\u00e9ratives en vue de parvenir \u00e0 la concr\u00e9tisation de ce projet de d\u00e9veloppement. Sous ce jour, il promeut un d\u00e9veloppement participatif. Lequel doit se faire de fa\u00e7on endog\u00e8ne. Ces axes constituent les points focaux de son intervention. A l\u2019intervention de Nelson &nbsp;a succ\u00e9d\u00e9 celle de Jean Luc.<\/p>\n\n\n\n<p>Celui-ci a commenc\u00e9 son intervention en remontant \u00e0 la gen\u00e8se de l\u2019agriculture. Il postule que l\u2019agriculture naquit \u00e0 travers les soci\u00e9t\u00e9s primitives au moment o\u00f9 la population augmentait consid\u00e9rablement. Toujours a-t-il soulign\u00e9 l\u2019importance des arbres dans l\u2019environnement ainsi que l\u2019importance des produits bios \u00e0 travers le monde. Pour lui, l&rsquo;agriculture pourrait &nbsp;nourrir les 7 milliard de gens cohabitant sur la plan\u00e8te. On a une bonne raison de d\u00e9velopper ce secteur \u00e0 pestel. Il a exhort\u00e9 les habitants \u00e0 croire en l\u2019agriculture et au travail. A la fin de son intervention, il a mentionn\u00e9 deux principaux probl\u00e8mes qui emp\u00eachent la progression de l\u2019agriculture dans la commune. Il s&rsquo;agissait du probl\u00e8me des ressources pour stimuler la production et les probl\u00e8mes hydrauliques. Ceux-ci occultent la productivit\u00e9 agricole de la commune. Il a enfin encourag\u00e9 la jeunesse \u00e0 aimer son environnement et \u00e0 le prot\u00e9ger. Senceter a achemin\u00e9 l&rsquo;activit\u00e9 avec son intervention sous une teneur environnementaliste.<\/p>\n\n\n\n<p>Celui-ci tablait son intervention sur les points suivants: le r\u00f4le des paysans dans l\u2019environnement; ce qu\u2019est l\u2019environnement; les rapports qu&rsquo;entretiennent les gens avec l\u2019environnement. Il a invit\u00e9 les portelois \u00e0 v\u00e9n\u00e9rer leur environnement et \u00e0 travailler en vue d&rsquo;am\u00e9liorer la situation dans la commune. Senceter croit que la protection de l\u2019environnement est l\u2019un des moyens les plus s\u00fbrs pour pr\u00e9server la sant\u00e9. Apr\u00e8s les expos\u00e9s magistraux des intervenants successivement, il y avait la rubrique de l\u2019interaction entre l\u2019auditoire et les conf\u00e9renciers. C&rsquo;\u00e9tait une interaction enrichissante.<\/p>\n\n\n\n<p>Cette interaction \u00e9tait suivie d\u2019une animation culturelle ou surgissent de belles prestations. C&rsquo;\u00e9tait le cas de la prestation de Wesner Bellegarde, de Guy Amos Marcelin et celle d\u2019un jeune slameur connu sous le nom de Wadlet Merant sans oublier celle du Dj qui \u00e9tait responsable d\u2019animer l&rsquo;activit\u00e9.<\/p>\n\n\n\n<p>La fin de l&rsquo;activit\u00e9 \u00e9tait marqu\u00e9e par trois moments: le discours du pr\u00e9sident de l\u2019association, Eug\u00e8ne Saint Juste, a travers lequel il a pr\u00f4n\u00e9 le vivre ensemble; la distribution du repas; &nbsp;la distribution des plantules. Dans son allocution, Pr\u00e9sident SAINT JUSTE &nbsp;a demand\u00e9 \u00e0 tous les secteurs de la soci\u00e9t\u00e9 de s&rsquo;unir en vue d&rsquo;acc\u00e9der au bien &nbsp;commun. Il a demand\u00e9 aux autres associations qui \u0153uvrent dans la commune, ayant les m\u00eames missions, d\u2019emboiter le pas avec la SOCIDEP. Ce qui est fondamental est d\u2019arriver \u00e0 l&rsquo;am\u00e9lioration des conditions de vie de la population Pestelois, a-t-il conclut .<\/p>\n","protected":false},"excerpt":{"rendered":"<p>Port-au-Prince, mardi 15 juin 2021 [ UNISSONS INFOS] Apr\u00e8s la r\u00e9alisation grandiose du rallye pestelois de la d\u00e9couverte \u00a0le premier mai 2019, cette jeune association, \u00e0 ne pas confondre \u00e0 une association de mineurs, marque sa pr\u00e9sence dans la communaut\u00e9 pesteloise avec une autre activit\u00e9 encore grandiloquente. Celle-ci se lit sous la d\u00e9nomination que voici: &hellip;<\/p>\n","protected":false},"author":4,"featured_media":4864,"comment_status":"open","ping_status":"open","sticky":false,"template":"","format":"standard","meta":{"footnotes":""},"categories":[104],"tags":[],"class_list":["post-4863","post","type-post","status-publish","format-standard","has-post-thumbnail","","category-actualite"],"_links":{"self":[{"href":"https:\/\/unissonshaiti.com\/index.php?rest_route=\/wp\/v2\/posts\/4863","targetHints":{"allow":["GET"]}}],"collection":[{"href":"https:\/\/unissonshaiti.com\/index.php?rest_route=\/wp\/v2\/posts"}],"about":[{"href":"https:\/\/unissonshaiti.com\/index.php?rest_route=\/wp\/v2\/types\/post"}],"author":[{"embeddable":true,"href":"https:\/\/unissonshaiti.com\/index.php?rest_route=\/wp\/v2\/users\/4"}],"replies":[{"embeddable":true,"href":"https:\/\/unissonshaiti.com\/index.php?rest_route=%2Fwp%2Fv2%2Fcomments&post=4863"}],"version-history":[{"count":1,"href":"https:\/\/unissonshaiti.com\/index.php?rest_route=\/wp\/v2\/posts\/4863\/revisions"}],"predecessor-version":[{"id":4865,"href":"https:\/\/unissonshaiti.com\/index.php?rest_route=\/wp\/v2\/posts\/4863\/revisions\/4865"}],"wp:featuredmedia":[{"embeddable":true,"href":"https:\/\/unissonshaiti.com\/index.php?rest_route=\/wp\/v2\/media\/4864"}],"wp:attachment":[{"href":"https:\/\/unissonshaiti.com\/index.php?rest_route=%2Fwp%2Fv2%2Fmedia&parent=4863"}],"wp:term":[{"taxonomy":"category","embeddable":true,"href":"https:\/\/unissonshaiti.com\/index.php?rest_route=%2Fwp%2Fv2%2Fcategories&post=4863"},{"taxonomy":"post_tag","embeddable":true,"href":"https:\/\/unissonshaiti.com\/index.php?rest_route=%2Fwp%2Fv2%2Ftags&post=4863"}],"curies":[{"name":"wp","href":"https:\/\/api.w.org\/{rel}","templated":true}]}}