{"id":4183,"date":"2021-05-18T23:46:06","date_gmt":"2021-05-18T23:46:06","guid":{"rendered":"https:\/\/unissonshaiti.com\/?p=4183"},"modified":"2021-05-18T23:46:52","modified_gmt":"2021-05-18T23:46:52","slug":"commemoration-du-218eme-anniversaire-du-drapeau-le-president-jovenel-moise-reitere-son-appel-au-dialogue","status":"publish","type":"post","link":"https:\/\/unissonshaiti.com\/?p=4183","title":{"rendered":"Comm\u00e9moration du 218\u00e8me anniversaire du drapeau : Le pr\u00e9sident Jovenel Mo\u00efse r\u00e9it\u00e8re son appel au dialogue"},"content":{"rendered":"<div style=\"margin-top: 0px; margin-bottom: 0px;\" class=\"sharethis-inline-share-buttons\" ><\/div>\n<p><strong><em>P-au-P, le 18 mai 2021 [ UNISSONS NOUS]<\/em><\/strong><\/p>\n\n\n\n<p><strong><em>Lors d&rsquo;une c\u00e9r\u00e9monie marquante les 218 \u00e8me ann\u00e9es de la cr\u00e9ation du drapeau ha\u00eftien, le pr\u00e9sident de la R\u00e9publique Jovenel Mo\u00efse a d\u00e9pos\u00e9 une gerbe de fleurs \u00e0 l&rsquo;autel de la patrie, au champ de mars, \u00e0 Port-au-Prince<\/em><\/strong>.<strong><em> Il appelle tous les acteurs de prendre conscience de la situation du pays. Selon lui, seul le dialogue peut sortir le pays de cette impasse.<\/em><\/strong><\/p>\n\n\n\n<p>\u00ab\u00a0Je me suis rendu, ce mardi, \u00e0 l\u2019autel de la patrie, \u00e0 la c\u00e9r\u00e9monie d\u2019offrande florale en l\u2019honneur des H\u00e9ros de l\u2019ind\u00e9pendance. Par ce geste, nous avons rendu hommage \u00e0 nos anc\u00eatres pour avoir cr\u00e9\u00e9 notre bicolore qui est un symbole de paix, d\u2019unit\u00e9, de fraternit\u00e9 et de libert\u00e9\u00a0\u00bb a d\u00e9clar\u00e9 le pr\u00e9sident.<\/p>\n\n\n\n<p>Lors de cette c\u00e9r\u00e9monie, le chef de l&rsquo;\u00c9tat invite ses adversaires \u00e0 un d\u00e9passement de soi en vue de dialoguer et de trouver une issue \u00e0 la crise qui ronge le pays. Selon le chef de l&rsquo;\u00c9tat, il faut s&rsquo;inspirer des h\u00e9ros de l&rsquo;ind\u00e9pendance en vue de r\u00e9soudre la crise.<\/p>\n\n\n\n<p>\u00ab Le bicolore  ha\u00eftien est le symbole de la libert\u00e9 de notre pays, symbole d\u2019unit\u00e9. Pour y arriver, nos anc\u00eatres ont mis de c\u00f4t\u00e9 leurs diff\u00e9rends. Nous sommes encore esclaves de la division en d\u00e9pit des nombreuses ann\u00e9es de notre ind\u00e9pendance \u00bb a indiqu\u00e9 le pr\u00e9sident de la R\u00e9publique qui a r\u00e9it\u00e9r\u00e9 son appel \u00e0 l&rsquo;unit\u00e9.<\/p>\n\n\n\n<p>Selon le chef de l&rsquo;\u00c9tat, dans l\u2019unit\u00e9, on peut faire beaucoup de choses. Il invite les acteurs d&rsquo;engager des pourparlers afin de r\u00e9soudre la crise qui doit servir une opportunit\u00e9 pour les g\u00e9n\u00e9rations \u00e0 venir.<\/p>\n\n\n\n<p>\u00ab On doit mener une bataille contre la mis\u00e8re, la contrebande, l&rsquo;injustice sociale, le blackout et pour que la jeunesse, les femmes et la diaspora soient int\u00e9gr\u00e9s. Le moment est arriv\u00e9 pour qu&rsquo;on se mette ensemble pour construire notre pays au b\u00e9n\u00e9fice des nouvelles g\u00e9n\u00e9rations. Personne ne va venir le faire \u00e0 notre place \u00bb<\/p>\n","protected":false},"excerpt":{"rendered":"<p>P-au-P, le 18 mai 2021 [ UNISSONS NOUS] Lors d&rsquo;une c\u00e9r\u00e9monie marquante les 218 \u00e8me ann\u00e9es de la cr\u00e9ation du drapeau ha\u00eftien, le pr\u00e9sident de la R\u00e9publique Jovenel Mo\u00efse a d\u00e9pos\u00e9 une gerbe de fleurs \u00e0 l&rsquo;autel de la patrie, au champ de mars, \u00e0 Port-au-Prince. Il appelle tous les acteurs de prendre conscience de &hellip;<\/p>\n","protected":false},"author":4,"featured_media":4184,"comment_status":"open","ping_status":"open","sticky":false,"template":"","format":"standard","meta":{"footnotes":""},"categories":[104],"tags":[],"class_list":["post-4183","post","type-post","status-publish","format-standard","has-post-thumbnail","","category-actualite"],"_links":{"self":[{"href":"https:\/\/unissonshaiti.com\/index.php?rest_route=\/wp\/v2\/posts\/4183","targetHints":{"allow":["GET"]}}],"collection":[{"href":"https:\/\/unissonshaiti.com\/index.php?rest_route=\/wp\/v2\/posts"}],"about":[{"href":"https:\/\/unissonshaiti.com\/index.php?rest_route=\/wp\/v2\/types\/post"}],"author":[{"embeddable":true,"href":"https:\/\/unissonshaiti.com\/index.php?rest_route=\/wp\/v2\/users\/4"}],"replies":[{"embeddable":true,"href":"https:\/\/unissonshaiti.com\/index.php?rest_route=%2Fwp%2Fv2%2Fcomments&post=4183"}],"version-history":[{"count":4,"href":"https:\/\/unissonshaiti.com\/index.php?rest_route=\/wp\/v2\/posts\/4183\/revisions"}],"predecessor-version":[{"id":4188,"href":"https:\/\/unissonshaiti.com\/index.php?rest_route=\/wp\/v2\/posts\/4183\/revisions\/4188"}],"wp:featuredmedia":[{"embeddable":true,"href":"https:\/\/unissonshaiti.com\/index.php?rest_route=\/wp\/v2\/media\/4184"}],"wp:attachment":[{"href":"https:\/\/unissonshaiti.com\/index.php?rest_route=%2Fwp%2Fv2%2Fmedia&parent=4183"}],"wp:term":[{"taxonomy":"category","embeddable":true,"href":"https:\/\/unissonshaiti.com\/index.php?rest_route=%2Fwp%2Fv2%2Fcategories&post=4183"},{"taxonomy":"post_tag","embeddable":true,"href":"https:\/\/unissonshaiti.com\/index.php?rest_route=%2Fwp%2Fv2%2Ftags&post=4183"}],"curies":[{"name":"wp","href":"https:\/\/api.w.org\/{rel}","templated":true}]}}