{"id":3995,"date":"2021-05-12T13:17:16","date_gmt":"2021-05-12T13:17:16","guid":{"rendered":"https:\/\/unissonshaiti.com\/?p=3995"},"modified":"2021-05-12T13:18:01","modified_gmt":"2021-05-12T13:18:01","slug":"pm-consensuel-avec-jovenel-malheur-aux-traitres-de-lopposition","status":"publish","type":"post","link":"https:\/\/unissonshaiti.com\/?p=3995","title":{"rendered":"PM consensuel avec Jovenel: Malheur aux tra\u00eetres de l&rsquo;opposition"},"content":{"rendered":"<div style=\"margin-top: 0px; margin-bottom: 0px;\" class=\"sharethis-inline-share-buttons\" ><\/div>\n<p>Le poste de premier ministre d\u00e9finitif en discussion dans le cadre du gouvernement de cohabitation soul\u00e8ve la vigilance de Me Andr\u00e9 Michel qui est tr\u00e8s radical par rapport au pr\u00e9sident Jovenel Mo\u00efse.<\/p>\n\n\n\n<p>Apr\u00e8s l&rsquo;appel lanc\u00e9 par le chef du gouvernement temporaire Claude Joseph aux membres de l&rsquo;opposition pour les encourager \u00e0 former le gouvernement d&rsquo;union nationale, Andr\u00e9 Michel a vite r\u00e9agi en rejetant d&rsquo;un revers de la main la proposition de Claude Joseph.<\/p>\n\n\n\n<p>Il demande aux forces politiques de l&rsquo;opposition de ne rentrer dans aucun projet de cohabitation avec le pouvoir en place. Toute n\u00e9gociation, tout accord avec Jovenel Mo\u00efse est synonyme de boycottage des revendications populaires. \u00ab\u00a0Malheur \u00e0 celui qui trahit les revendications populaires\u00a0\u00bb, a pr\u00e9venu l&rsquo;avocat du peuple.<\/p>\n\n\n\n<p>En vertu de la non-violation de l&rsquo;article 134-2 de la constitution, Andr\u00e9 Michel est dans le \u00ab\u00a0Ni Ni\u00a0\u00bb, \u00e7&rsquo;est-\u00e0-dire Ni R\u00e9f\u00e9rendum, Ni \u00c9lections avec le pouvoir en place.<\/p>\n\n\n\n<p><strong>Unissons Nous<\/strong><\/p>\n","protected":false},"excerpt":{"rendered":"<p>Le poste de premier ministre d\u00e9finitif en discussion dans le cadre du gouvernement de cohabitation soul\u00e8ve la vigilance de Me Andr\u00e9 Michel qui est tr\u00e8s radical par rapport au pr\u00e9sident Jovenel Mo\u00efse. Apr\u00e8s l&rsquo;appel lanc\u00e9 par le chef du gouvernement temporaire Claude Joseph aux membres de l&rsquo;opposition pour les encourager \u00e0 former le gouvernement d&rsquo;union &hellip;<\/p>\n","protected":false},"author":3,"featured_media":3994,"comment_status":"open","ping_status":"open","sticky":false,"template":"","format":"standard","meta":{"footnotes":""},"categories":[104,105],"tags":[],"class_list":["post-3995","post","type-post","status-publish","format-standard","has-post-thumbnail","","category-actualite","category-politique"],"_links":{"self":[{"href":"https:\/\/unissonshaiti.com\/index.php?rest_route=\/wp\/v2\/posts\/3995","targetHints":{"allow":["GET"]}}],"collection":[{"href":"https:\/\/unissonshaiti.com\/index.php?rest_route=\/wp\/v2\/posts"}],"about":[{"href":"https:\/\/unissonshaiti.com\/index.php?rest_route=\/wp\/v2\/types\/post"}],"author":[{"embeddable":true,"href":"https:\/\/unissonshaiti.com\/index.php?rest_route=\/wp\/v2\/users\/3"}],"replies":[{"embeddable":true,"href":"https:\/\/unissonshaiti.com\/index.php?rest_route=%2Fwp%2Fv2%2Fcomments&post=3995"}],"version-history":[{"count":1,"href":"https:\/\/unissonshaiti.com\/index.php?rest_route=\/wp\/v2\/posts\/3995\/revisions"}],"predecessor-version":[{"id":3996,"href":"https:\/\/unissonshaiti.com\/index.php?rest_route=\/wp\/v2\/posts\/3995\/revisions\/3996"}],"wp:featuredmedia":[{"embeddable":true,"href":"https:\/\/unissonshaiti.com\/index.php?rest_route=\/wp\/v2\/media\/3994"}],"wp:attachment":[{"href":"https:\/\/unissonshaiti.com\/index.php?rest_route=%2Fwp%2Fv2%2Fmedia&parent=3995"}],"wp:term":[{"taxonomy":"category","embeddable":true,"href":"https:\/\/unissonshaiti.com\/index.php?rest_route=%2Fwp%2Fv2%2Fcategories&post=3995"},{"taxonomy":"post_tag","embeddable":true,"href":"https:\/\/unissonshaiti.com\/index.php?rest_route=%2Fwp%2Fv2%2Ftags&post=3995"}],"curies":[{"name":"wp","href":"https:\/\/api.w.org\/{rel}","templated":true}]}}