{"id":3612,"date":"2021-05-04T14:32:58","date_gmt":"2021-05-04T14:32:58","guid":{"rendered":"https:\/\/unissonshaiti.com\/?p=3612"},"modified":"2021-05-11T11:23:05","modified_gmt":"2021-05-11T11:23:05","slug":"boulos-rate-la-chance-de-ne-pas-se-monter-raciste-envers-ceux-qui-ne-lui-ressemblent-pas-replique-claude-joseph-2","status":"publish","type":"post","link":"https:\/\/unissonshaiti.com\/?p=3612","title":{"rendered":"Boulos rate la chance de ne pas se montrer raciste envers ceux qui ne lui ressemblent pas, r\u00e9plique Claude Joseph"},"content":{"rendered":"<div style=\"margin-top: 0px; margin-bottom: 0px;\" class=\"sharethis-inline-share-buttons\" ><\/div>\n<p>Le Premier Ministre ad interim, Claude Joseph a r\u00e9agi sur les r\u00e9centes d\u00e9clarations faites par le Docteur Reginald Boulos sur Voice of America.<\/p>\n\n\n\n<p>Claude Joseph qui, a  \u00e9t\u00e9 interview\u00e9 par VOA suite \u00e0 l&rsquo;entrevue donn\u00e9e par Boulos, a rappel\u00e9 que le pr\u00e9sident Jovenel Mo\u00efse issu des \u00e9lections de 2016 avec 56% des voix ne va en aucune mani\u00e8re d\u00e9missionner avant le 7 f\u00e9vrier 2022. Et lorsqu&rsquo;il devra quitter le pouvoir le 7 f\u00e9vrier 2022, il passera l&rsquo;\u00e9charpe \u00e0 un pr\u00e9sident d\u00e9mocratiquement \u00e9lu.<\/p>\n\n\n\n<p>Monsieur Joseph a soulign\u00e9 qu&rsquo;il n&rsquo;est qu&rsquo;un premier ministre temporaire. Le pr\u00e9sident Mo\u00efse veut monter un gouvernement d&rsquo;union nationale et c&rsquo;est le premier ministre d\u00e9sign\u00e9 par consensus qui dirigera le gouvernement jusqu&rsquo;au 7 f\u00e9vrier 2022.<\/p>\n\n\n\n<p>La troisi\u00e8me r\u00e9action de Claude Joseph a port\u00e9 sur le fait que le Dr Boulos a utilis\u00e9 le diminutif Ti Claude pour se r\u00e9f\u00e9rer au premier ministre. Sans faire de contre-attaque, Claude Joseph a r\u00e9agi avec calme et sang-froid. <\/p>\n\n\n\n<p>Selon lui, Boulos a perdu l&rsquo;opportunit\u00e9 de ne pas se montrer discriminant envers ceux qui ne lui ressemblent pas. Il a continu\u00e9 pour dire qu&rsquo;il n&rsquo;a plus rien \u00e0 prouver. Du Centre Technique d&rsquo;\u00c9conomie Appliqu\u00e9e (CTPEA) en Ha\u00efti aux prestigieuses universit\u00e9s am\u00e9ricaines o\u00f9 il a fait des \u00e9tudes de ma\u00eetrise et doctorales, d&rsquo;\u00e9tudiant \u00e0 Professeur des Universit\u00e9s aux \u00c9tats-Unis, Claude Joseph estime qu&rsquo;il a d\u00e9j\u00e0 bris\u00e9 plein de limites. Avec \u00e9l\u00e9gance, il a reconnu que le Docteur Boulos a eu un parcours qui peut inspirer \u00e9galement.<\/p>\n\n\n\n<p><strong>Unissons Nous<\/strong><\/p>\n","protected":false},"excerpt":{"rendered":"<p>Le Premier Ministre ad interim, Claude Joseph a r\u00e9agi sur les r\u00e9centes d\u00e9clarations faites par le Docteur Reginald Boulos sur Voice of America. Claude Joseph qui, a \u00e9t\u00e9 interview\u00e9 par VOA suite \u00e0 l&rsquo;entrevue donn\u00e9e par Boulos, a rappel\u00e9 que le pr\u00e9sident Jovenel Mo\u00efse issu des \u00e9lections de 2016 avec 56% des voix ne va &hellip;<\/p>\n","protected":false},"author":3,"featured_media":3609,"comment_status":"open","ping_status":"open","sticky":false,"template":"","format":"standard","meta":{"footnotes":""},"categories":[104,105],"tags":[],"class_list":["post-3612","post","type-post","status-publish","format-standard","has-post-thumbnail","","category-actualite","category-politique"],"_links":{"self":[{"href":"https:\/\/unissonshaiti.com\/index.php?rest_route=\/wp\/v2\/posts\/3612","targetHints":{"allow":["GET"]}}],"collection":[{"href":"https:\/\/unissonshaiti.com\/index.php?rest_route=\/wp\/v2\/posts"}],"about":[{"href":"https:\/\/unissonshaiti.com\/index.php?rest_route=\/wp\/v2\/types\/post"}],"author":[{"embeddable":true,"href":"https:\/\/unissonshaiti.com\/index.php?rest_route=\/wp\/v2\/users\/3"}],"replies":[{"embeddable":true,"href":"https:\/\/unissonshaiti.com\/index.php?rest_route=%2Fwp%2Fv2%2Fcomments&post=3612"}],"version-history":[{"count":4,"href":"https:\/\/unissonshaiti.com\/index.php?rest_route=\/wp\/v2\/posts\/3612\/revisions"}],"predecessor-version":[{"id":3960,"href":"https:\/\/unissonshaiti.com\/index.php?rest_route=\/wp\/v2\/posts\/3612\/revisions\/3960"}],"wp:featuredmedia":[{"embeddable":true,"href":"https:\/\/unissonshaiti.com\/index.php?rest_route=\/wp\/v2\/media\/3609"}],"wp:attachment":[{"href":"https:\/\/unissonshaiti.com\/index.php?rest_route=%2Fwp%2Fv2%2Fmedia&parent=3612"}],"wp:term":[{"taxonomy":"category","embeddable":true,"href":"https:\/\/unissonshaiti.com\/index.php?rest_route=%2Fwp%2Fv2%2Fcategories&post=3612"},{"taxonomy":"post_tag","embeddable":true,"href":"https:\/\/unissonshaiti.com\/index.php?rest_route=%2Fwp%2Fv2%2Ftags&post=3612"}],"curies":[{"name":"wp","href":"https:\/\/api.w.org\/{rel}","templated":true}]}}