{"id":2165,"date":"2021-03-11T01:33:08","date_gmt":"2021-03-11T01:33:08","guid":{"rendered":"https:\/\/unissonshaiti.com\/?p=2165"},"modified":"2021-03-11T21:32:14","modified_gmt":"2021-03-11T21:32:14","slug":"demain-operation-bat-teneb-devant-lambassade-americaine-annonce-lopposition","status":"publish","type":"post","link":"https:\/\/unissonshaiti.com\/?p=2165","title":{"rendered":"L&rsquo;opposition lance une \u00ab\u00a0Op\u00e9ration Bat Ten\u00e8b\u00a0\u00bb devant l&rsquo;ambassade am\u00e9ricaine\u00a0\u00bb"},"content":{"rendered":"<div style=\"margin-top: 0px; margin-bottom: 0px;\" class=\"sharethis-inline-share-buttons\" ><\/div>\n<p><strong>La Direction Politique de l&rsquo;opposition d\u00e9mocratique(DIRPOD) a donn\u00e9 une conf\u00e9rence de presse relative \u00e0 la conjoncture actuelle ce mercredi 10 mars 2021. Elle a invit\u00e9 la Police \u00e0 prendre ses responsabilit\u00e9s par rapport \u00e0 la hausse des cas de kidnapping et en a profit\u00e9 pour lancer le mouvement Bat Ten\u00e8b qui commence demain jeudi 11 Mars 2021 par un sit-in devant les locaux de l&rsquo;ambassade<\/strong> <strong>am\u00e9ricaine<\/strong>.<\/p>\n\n\n\n<p>La direction politique de l&rsquo;opposition d\u00e9mocratique s&rsquo;est montr\u00e9e inqui\u00e9t\u00e9e par rapport \u00e0 la recrudescence des cas de kidnapping et la crise socio-politique actuelle. En ce sens, elle a&nbsp; express\u00e9ment lanc\u00e9 un appel aux autorit\u00e9s polici\u00e8res en vue d&rsquo;une solution capable d&#8217;emp\u00eacher les kidnappeurs&nbsp; d&rsquo;appauvrir et d&rsquo;endeuiller les familles ha\u00eftiennes. Des plaintes seront d\u00e9pos\u00e9es devant la juridiction ha\u00eftienne et devant les tribunaux internationaux, a d\u00e9clar\u00e9 Edmonde S. Beauzile qui se fait porte-parole de la cause des familles victimes du kidnapping.<\/p>\n\n\n\n<script async=\"\" src=\"https:\/\/pagead2.googlesyndication.com\/pagead\/js\/adsbygoogle.js\"><\/script>\n<ins class=\"adsbygoogle\" style=\"display:block\" data-ad-format=\"fluid\" data-ad-layout-key=\"-hx+7-g-7a+g3\" data-ad-client=\"ca-pub-7039280372080062\" data-ad-slot=\"7755523981\"><\/ins>\n<script>\n     (adsbygoogle = window.adsbygoogle || []).push({});\n<\/script>\n\n\n\n<p>Les tourments et \u00e9v\u00e9nements malheureux que connaissent les ha\u00eftiens actuellement sont assimil\u00e9s \u00e0 des forces t\u00e9n\u00e9breuses par les opposants au pouvoir. Cependant, par cette expression symbolique, l&rsquo;opposition indexe les \u00c9tats-Unis qui soutiennent le r\u00e9gime en place. Le mouvement de la chasse aux t\u00e9n\u00e8bres sera initi\u00e9e par une mobilisation devant l&rsquo;ambassade am\u00e9ricaine en Ha\u00efti. Au cours de ce sit-in, il est pr\u00e9vu que les protestataires frappent des objets , fassent du bruit \u00e0 midi p\u00e9tante pour exprimer leur ras-le-bol.<\/p>\n\n\n\n<script async=\"\" src=\"https:\/\/pagead2.googlesyndication.com\/pagead\/js\/adsbygoogle.js\"><\/script>\n<ins class=\"adsbygoogle\" style=\"display:block\" data-ad-format=\"fluid\" data-ad-layout-key=\"-hx+7-g-7a+g3\" data-ad-client=\"ca-pub-7039280372080062\" data-ad-slot=\"7755523981\"><\/ins>\n<script>\n     (adsbygoogle = window.adsbygoogle || []).push({});\n<\/script>\n\n\n\n<p>La chasse aux t\u00e9n\u00e8bres reprendra \u00e9galement les 15, 16 et 17 mars prochain sur tout le territoire national. \u00c0 midi, durant ces jours, la population est invit\u00e9e \u00e0 prendre dix minutes pour frapper des objets afin de provoquer un bruit collectif. Suivant cette logique, les chauffeurs et motards devraient klaxonner collectivement. Ce mouvement peut \u00eatre compris sous&nbsp;un angle spirituel par certains, a remarqu\u00e9 Marjory Michel ( membre du secteur d\u00e9mocratique) lors de son intervention.<\/p>\n\n\n\n<script async=\"\" src=\"https:\/\/pagead2.googlesyndication.com\/pagead\/js\/adsbygoogle.js\"><\/script>\n<ins class=\"adsbygoogle\" style=\"display:block\" data-ad-format=\"fluid\" data-ad-layout-key=\"-hx+7-g-7a+g3\" data-ad-client=\"ca-pub-7039280372080062\" data-ad-slot=\"7755523981\"><\/ins>\n<script>\n     (adsbygoogle = window.adsbygoogle || []).push({});\n<\/script>\n\n\n\n<p><\/p>\n","protected":false},"excerpt":{"rendered":"<p>La Direction Politique de l&rsquo;opposition d\u00e9mocratique(DIRPOD) a donn\u00e9 une conf\u00e9rence de presse relative \u00e0 la conjoncture actuelle ce mercredi 10 mars 2021. Elle a invit\u00e9 la Police \u00e0 prendre ses responsabilit\u00e9s par rapport \u00e0 la hausse des cas de kidnapping et en a profit\u00e9 pour lancer le mouvement Bat Ten\u00e8b qui commence demain jeudi 11 &hellip;<\/p>\n","protected":false},"author":3,"featured_media":2164,"comment_status":"open","ping_status":"open","sticky":false,"template":"","format":"standard","meta":{"footnotes":""},"categories":[105],"tags":[],"class_list":["post-2165","post","type-post","status-publish","format-standard","has-post-thumbnail","","category-politique"],"_links":{"self":[{"href":"https:\/\/unissonshaiti.com\/index.php?rest_route=\/wp\/v2\/posts\/2165","targetHints":{"allow":["GET"]}}],"collection":[{"href":"https:\/\/unissonshaiti.com\/index.php?rest_route=\/wp\/v2\/posts"}],"about":[{"href":"https:\/\/unissonshaiti.com\/index.php?rest_route=\/wp\/v2\/types\/post"}],"author":[{"embeddable":true,"href":"https:\/\/unissonshaiti.com\/index.php?rest_route=\/wp\/v2\/users\/3"}],"replies":[{"embeddable":true,"href":"https:\/\/unissonshaiti.com\/index.php?rest_route=%2Fwp%2Fv2%2Fcomments&post=2165"}],"version-history":[{"count":4,"href":"https:\/\/unissonshaiti.com\/index.php?rest_route=\/wp\/v2\/posts\/2165\/revisions"}],"predecessor-version":[{"id":2181,"href":"https:\/\/unissonshaiti.com\/index.php?rest_route=\/wp\/v2\/posts\/2165\/revisions\/2181"}],"wp:featuredmedia":[{"embeddable":true,"href":"https:\/\/unissonshaiti.com\/index.php?rest_route=\/wp\/v2\/media\/2164"}],"wp:attachment":[{"href":"https:\/\/unissonshaiti.com\/index.php?rest_route=%2Fwp%2Fv2%2Fmedia&parent=2165"}],"wp:term":[{"taxonomy":"category","embeddable":true,"href":"https:\/\/unissonshaiti.com\/index.php?rest_route=%2Fwp%2Fv2%2Fcategories&post=2165"},{"taxonomy":"post_tag","embeddable":true,"href":"https:\/\/unissonshaiti.com\/index.php?rest_route=%2Fwp%2Fv2%2Ftags&post=2165"}],"curies":[{"name":"wp","href":"https:\/\/api.w.org\/{rel}","templated":true}]}}