{"id":2089,"date":"2021-03-08T15:37:00","date_gmt":"2021-03-08T15:37:00","guid":{"rendered":"https:\/\/unissonshaiti.com\/?p=2089"},"modified":"2021-03-08T15:37:10","modified_gmt":"2021-03-08T15:37:10","slug":"football-joan-laporta-le-nouveau-president-du-fc-barcelone","status":"publish","type":"post","link":"https:\/\/unissonshaiti.com\/?p=2089","title":{"rendered":"Football :  Joan Laporta, le nouveau pr\u00e9sident du FC Bar\u00e7elone"},"content":{"rendered":"<div style=\"margin-top: 0px; margin-bottom: 0px;\" class=\"sharethis-inline-share-buttons\" ><\/div>\n<p>(UNISSONS NOUS) <strong>Annonc\u00e9 favori, Joan Laporta a \u00e9lu le nouveau pr\u00e9sident du FC Bar\u00e7elone le dimanche 7 mars 2021, avec 54,28 % des votes (30 184 voix), devant les deux autres candidats Victor Font (16 679 voix, 29,99 %) et Toni Freixa (4 769 voix, 8,58 %), selon les chiffres officiels du Bar\u00e7a.<\/strong><\/p>\n\n\n\n<p>Port-au-Prince, le 8 mars 2021. Joan Laporta a \u00e9t\u00e9 \u00e9lu dimanche pr\u00e9sident du FC Barcelone, 11 ans apr\u00e8s son d\u00e9part, il est de retour \u00e0 la maison. Il devra diriger la reconstruction d&rsquo;un club qui a perdu sa place d&rsquo;\u00e9pouvantail sur le continent europ\u00e9en.<\/p>\n\n\n\n<p>Le nouvel homme fort du Bar\u00e7a, qui a d\u00e9j\u00e0 \u00e9t\u00e9 pr\u00e9sident du club entre 2003 et 2010, va devoir entamer un chantier de reconstruction titanesque pour redorer le blason de l&rsquo;\u00e9quipe catalane. <\/p>\n\n\n\n<p>Entre scandales internes, r\u00e9sultats sportifs d\u00e9cevants, et gestion du cas Lionel Messi, tels sont les chantiers Jaon Laporta doit adresser en premier.<\/p>\n\n\n\n<p>Quatre mois apr\u00e8s la d\u00e9mission de Josep Maria Bartomeu, le Bar\u00e7a a un nouveau pr\u00e9sident qui doit travailler pour rena\u00eetre et ouvrir une nouvelle page de son histoire. <\/p>\n","protected":false},"excerpt":{"rendered":"<p>(UNISSONS NOUS) Annonc\u00e9 favori, Joan Laporta a \u00e9lu le nouveau pr\u00e9sident du FC Bar\u00e7elone le dimanche 7 mars 2021, avec 54,28 % des votes (30 184 voix), devant les deux autres candidats Victor Font (16 679 voix, 29,99 %) et Toni Freixa (4 769 voix, 8,58 %), selon les chiffres officiels du Bar\u00e7a. Port-au-Prince, le &hellip;<\/p>\n","protected":false},"author":4,"featured_media":2090,"comment_status":"open","ping_status":"open","sticky":false,"template":"","format":"standard","meta":{"footnotes":""},"categories":[104],"tags":[],"class_list":["post-2089","post","type-post","status-publish","format-standard","has-post-thumbnail","","category-actualite"],"_links":{"self":[{"href":"https:\/\/unissonshaiti.com\/index.php?rest_route=\/wp\/v2\/posts\/2089","targetHints":{"allow":["GET"]}}],"collection":[{"href":"https:\/\/unissonshaiti.com\/index.php?rest_route=\/wp\/v2\/posts"}],"about":[{"href":"https:\/\/unissonshaiti.com\/index.php?rest_route=\/wp\/v2\/types\/post"}],"author":[{"embeddable":true,"href":"https:\/\/unissonshaiti.com\/index.php?rest_route=\/wp\/v2\/users\/4"}],"replies":[{"embeddable":true,"href":"https:\/\/unissonshaiti.com\/index.php?rest_route=%2Fwp%2Fv2%2Fcomments&post=2089"}],"version-history":[{"count":1,"href":"https:\/\/unissonshaiti.com\/index.php?rest_route=\/wp\/v2\/posts\/2089\/revisions"}],"predecessor-version":[{"id":2091,"href":"https:\/\/unissonshaiti.com\/index.php?rest_route=\/wp\/v2\/posts\/2089\/revisions\/2091"}],"wp:featuredmedia":[{"embeddable":true,"href":"https:\/\/unissonshaiti.com\/index.php?rest_route=\/wp\/v2\/media\/2090"}],"wp:attachment":[{"href":"https:\/\/unissonshaiti.com\/index.php?rest_route=%2Fwp%2Fv2%2Fmedia&parent=2089"}],"wp:term":[{"taxonomy":"category","embeddable":true,"href":"https:\/\/unissonshaiti.com\/index.php?rest_route=%2Fwp%2Fv2%2Fcategories&post=2089"},{"taxonomy":"post_tag","embeddable":true,"href":"https:\/\/unissonshaiti.com\/index.php?rest_route=%2Fwp%2Fv2%2Ftags&post=2089"}],"curies":[{"name":"wp","href":"https:\/\/api.w.org\/{rel}","templated":true}]}}