{"id":1715,"date":"2021-02-09T21:04:34","date_gmt":"2021-02-09T21:04:34","guid":{"rendered":"https:\/\/unissonshaiti.com\/?p=1715"},"modified":"2021-02-09T21:04:45","modified_gmt":"2021-02-09T21:04:45","slug":"des-organisations-annoncent-une-marche-contre-la-dictature","status":"publish","type":"post","link":"https:\/\/unissonshaiti.com\/?p=1715","title":{"rendered":"Des organisations annoncent une \u00ab\u00a0Marche contre la dictature\u00a0\u00bb"},"content":{"rendered":"<div style=\"margin-top: 0px; margin-bottom: 0px;\" class=\"sharethis-inline-share-buttons\" ><\/div>\n<p><strong>Pour d\u00e9noncer la volont\u00e9 de Jovenel Moise de s&rsquo;accrocher au pouvoir malgr\u00e9 la fin de son mandat constitutionnel et d\u00e9noncer la brutalit\u00e9  et la r\u00e9pression polici\u00e8re  contre les citoyens. <strong>Plusieures Organisations politiques et de la soci\u00e9t\u00e9 civile ont appel\u00e9 \u00e0 une marche<\/strong> ce 10 f\u00e9vrier 2021 \u00e0 partir de 10 heures<\/strong> <strong>dans la capitale<\/strong> <strong>ha\u00eftienne<\/strong>.<\/p>\n\n\n\n<p><img loading=\"lazy\" decoding=\"async\" width=\"720\" height=\"399\" class=\"wp-image-1716\" style=\"width: 150px\" src=\"https:\/\/unissonshaiti.com\/wp-content\/uploads\/2021\/02\/FB_IMG_1611239797235.jpg\" alt=\"\" srcset=\"https:\/\/unissonshaiti.com\/wp-content\/uploads\/2021\/02\/FB_IMG_1611239797235.jpg 720w, https:\/\/unissonshaiti.com\/wp-content\/uploads\/2021\/02\/FB_IMG_1611239797235-300x166.jpg 300w, https:\/\/unissonshaiti.com\/wp-content\/uploads\/2021\/02\/FB_IMG_1611239797235-600x333.jpg 600w\" sizes=\"auto, (max-width: 720px) 100vw, 720px\" \/><\/p>\n\n\n\n<p>Port-au-Prince , le 09 f\u00e9vrier 2021. &#8211; En vue de d\u00e9noncer  la volont\u00e9 de Jovenel Mo\u00efse de s&rsquo;accrocher au  pouvoir malgr\u00e9 son mandat constitutionnel a pris fin ce 07 f\u00e9vrier et lutter contre la brutalit\u00e9 polici\u00e8re , plusieurs organisations politiques de la soci\u00e9t\u00e9 civile  ont lanc\u00e9 une marche pour ce mercredi 10 f\u00e9vrier 2021.<\/p>\n\n\n\n<p>Il s&rsquo;agit de  :  Mouvement Organis\u00e9 de Citoyens Pour l\u2019Int\u00e9gration et le d\u00e9veloppement (MOCIDE), Ligue Dessalinienne pour la Promotion de la Nouvelle Ha\u00efti (LIDESPRONA),   S\u00e8k Gramci, CRICASTRO, Lakou, L\u00e8sanpa, S\u00e8k Janil, Collectif des \u00c9tudiants Priv\u00e9s et Publiques, Kons\u00e8y Etidyan Fakilte Lenwistik Aplike, Kominote Mobilizasyon ENS, Union Nationale des Normaliens d\u2019Ha\u00efti (UNNOH), Mouvman pou Lib\u00e8te, Egalite sou Chimen Frat\u00e8nite tout Ayisyen (Moleghaf), Association des Normaliens Ind\u00e9pendantss d\u2019Ha\u00efti (ANNIH), Challengers Populaires, Challenge 7 fevriye, Nou konsyan, F\u00f2s D\u00e8lma, Konbit Oganizasyon Sendikal Politik ak Popil\u00e8, Kolektif Nasyonal Jenn Pwogresis Ayisyen (KONJEPA), Kolektif Atis Angaje (KATAN), Nou se Dorval, Collectif des Jeunes Suicidaires (CJS),  etc\u2026<\/p>\n","protected":false},"excerpt":{"rendered":"<p>Pour d\u00e9noncer la volont\u00e9 de Jovenel Moise de s&rsquo;accrocher au pouvoir malgr\u00e9 la fin de son mandat constitutionnel et d\u00e9noncer la brutalit\u00e9 et la r\u00e9pression polici\u00e8re contre les citoyens. Plusieures Organisations politiques et de la soci\u00e9t\u00e9 civile ont appel\u00e9 \u00e0 une marche ce 10 f\u00e9vrier 2021 \u00e0 partir de 10 heures dans la capitale ha\u00eftienne. &hellip;<\/p>\n","protected":false},"author":4,"featured_media":1716,"comment_status":"open","ping_status":"open","sticky":false,"template":"","format":"standard","meta":{"footnotes":""},"categories":[104],"tags":[],"class_list":["post-1715","post","type-post","status-publish","format-standard","has-post-thumbnail","","category-actualite"],"_links":{"self":[{"href":"https:\/\/unissonshaiti.com\/index.php?rest_route=\/wp\/v2\/posts\/1715","targetHints":{"allow":["GET"]}}],"collection":[{"href":"https:\/\/unissonshaiti.com\/index.php?rest_route=\/wp\/v2\/posts"}],"about":[{"href":"https:\/\/unissonshaiti.com\/index.php?rest_route=\/wp\/v2\/types\/post"}],"author":[{"embeddable":true,"href":"https:\/\/unissonshaiti.com\/index.php?rest_route=\/wp\/v2\/users\/4"}],"replies":[{"embeddable":true,"href":"https:\/\/unissonshaiti.com\/index.php?rest_route=%2Fwp%2Fv2%2Fcomments&post=1715"}],"version-history":[{"count":1,"href":"https:\/\/unissonshaiti.com\/index.php?rest_route=\/wp\/v2\/posts\/1715\/revisions"}],"predecessor-version":[{"id":1717,"href":"https:\/\/unissonshaiti.com\/index.php?rest_route=\/wp\/v2\/posts\/1715\/revisions\/1717"}],"wp:featuredmedia":[{"embeddable":true,"href":"https:\/\/unissonshaiti.com\/index.php?rest_route=\/wp\/v2\/media\/1716"}],"wp:attachment":[{"href":"https:\/\/unissonshaiti.com\/index.php?rest_route=%2Fwp%2Fv2%2Fmedia&parent=1715"}],"wp:term":[{"taxonomy":"category","embeddable":true,"href":"https:\/\/unissonshaiti.com\/index.php?rest_route=%2Fwp%2Fv2%2Fcategories&post=1715"},{"taxonomy":"post_tag","embeddable":true,"href":"https:\/\/unissonshaiti.com\/index.php?rest_route=%2Fwp%2Fv2%2Ftags&post=1715"}],"curies":[{"name":"wp","href":"https:\/\/api.w.org\/{rel}","templated":true}]}}