{"id":1673,"date":"2021-02-07T13:12:00","date_gmt":"2021-02-07T13:12:00","guid":{"rendered":"https:\/\/unissonshaiti.com\/?p=1673"},"modified":"2021-02-07T13:12:12","modified_gmt":"2021-02-07T13:12:12","slug":"haiti-politique-7-fevrier-2021-une-journee-inquietante","status":"publish","type":"post","link":"https:\/\/unissonshaiti.com\/?p=1673","title":{"rendered":"Ha\u00efti-Politique  :  7 f\u00e9vrier 2021 , une journ\u00e9e inqui\u00e9tante."},"content":{"rendered":"<div style=\"margin-top: 0px; margin-bottom: 0px;\" class=\"sharethis-inline-share-buttons\" ><\/div>\n<p><img loading=\"lazy\" decoding=\"async\" width=\"720\" height=\"540\" class=\"wp-image-1674\" style=\"width: 150px\" src=\"https:\/\/unissonshaiti.com\/wp-content\/uploads\/2021\/02\/FB_IMG_1611303826211.jpg\" alt=\"\" srcset=\"https:\/\/unissonshaiti.com\/wp-content\/uploads\/2021\/02\/FB_IMG_1611303826211.jpg 720w, https:\/\/unissonshaiti.com\/wp-content\/uploads\/2021\/02\/FB_IMG_1611303826211-300x225.jpg 300w, https:\/\/unissonshaiti.com\/wp-content\/uploads\/2021\/02\/FB_IMG_1611303826211-600x450.jpg 600w\" sizes=\"auto, (max-width: 720px) 100vw, 720px\" \/><\/p>\n\n\n\n<p>Ce 7 F\u00e9vrier 2021 ram\u00e8ne la fin du mandat de M. Jovenel Moise.  Selon les partisans de l&rsquo;opposition \u00a0\u00bb Nous constatons une vacance pr\u00e9sidentielle en Haiti.M.Jovenel Moise en sa qualit\u00e9 de simple citoyen,doit \u00eatre disponible pour r\u00e9pondre aux question de la justice pour massacre, vols et violation de droits humains\u00a0\u00bb .<\/p>\n\n\n\n<p><img loading=\"lazy\" decoding=\"async\" width=\"720\" height=\"480\" class=\"wp-image-1675\" style=\"width: 150px\" src=\"https:\/\/unissonshaiti.com\/wp-content\/uploads\/2021\/02\/FB_IMG_1611824009902.jpg\" alt=\"\" srcset=\"https:\/\/unissonshaiti.com\/wp-content\/uploads\/2021\/02\/FB_IMG_1611824009902.jpg 720w, https:\/\/unissonshaiti.com\/wp-content\/uploads\/2021\/02\/FB_IMG_1611824009902-300x200.jpg 300w, https:\/\/unissonshaiti.com\/wp-content\/uploads\/2021\/02\/FB_IMG_1611824009902-600x400.jpg 600w\" sizes=\"auto, (max-width: 720px) 100vw, 720px\" \/><\/p>\n\n\n\n<p>Ce 7  f\u00e9vrier 2021 marque la 4e ann\u00e9e du mandat constitutionnel du pr\u00e9sident Jovenel Moise d&rsquo;apr\u00e8s les proches du pouvoir.  \u201cMon Administration a re\u00e7u du peuple ha\u00eftien un mandat constitutionnel de 60 mois. Nous en avons \u00e9puis\u00e9 48. Les 12 prochains mois seront consacr\u00e9s \u00e0 la r\u00e9forme du secteur de l\u2019\u00e9nergie, la r\u00e9alisation du r\u00e9f\u00e9rendum et l\u2019organisation des \u00e9lections.\u201d, a tweet\u00e9 le pr\u00e9sident Jovenel Mo\u00efse.<\/p>\n\n\n\n<p>Par ailleurs, une situation de tension r\u00e8gne actuellement dans le pays particuli\u00e8rement dans la zone M\u00e9tropolitaine de Port-au-Prince .T\u00f4t ce matin 7 f\u00e9vrier 2021, des tirs \u00e0 l\u2019arme lourde sont entendus , \u00e0 Canap\u00e9-Vert,  au Champ-de-Mars, \u00e0 Delmas .Une situation qui inqui\u00e8te les citoyens et annonce une journ\u00e9e dificile .<\/p>\n\n\n\n<p><img loading=\"lazy\" decoding=\"async\" width=\"1920\" height=\"2560\" class=\"wp-image-1678\" style=\"width: 150px\" src=\"https:\/\/unissonshaiti.com\/wp-content\/uploads\/2021\/02\/20210206_192618-scaled.jpg\" alt=\"\" srcset=\"https:\/\/unissonshaiti.com\/wp-content\/uploads\/2021\/02\/20210206_192618-scaled.jpg 1920w, https:\/\/unissonshaiti.com\/wp-content\/uploads\/2021\/02\/20210206_192618-225x300.jpg 225w, https:\/\/unissonshaiti.com\/wp-content\/uploads\/2021\/02\/20210206_192618-768x1024.jpg 768w, https:\/\/unissonshaiti.com\/wp-content\/uploads\/2021\/02\/20210206_192618-1152x1536.jpg 1152w, https:\/\/unissonshaiti.com\/wp-content\/uploads\/2021\/02\/20210206_192618-1536x2048.jpg 1536w, https:\/\/unissonshaiti.com\/wp-content\/uploads\/2021\/02\/20210206_192618-600x800.jpg 600w\" sizes=\"auto, (max-width: 1920px) 100vw, 1920px\" \/><\/p>\n","protected":false},"excerpt":{"rendered":"<p>Ce 7 F\u00e9vrier 2021 ram\u00e8ne la fin du mandat de M. Jovenel Moise. Selon les partisans de l&rsquo;opposition \u00a0\u00bb Nous constatons une vacance pr\u00e9sidentielle en Haiti.M.Jovenel Moise en sa qualit\u00e9 de simple citoyen,doit \u00eatre disponible pour r\u00e9pondre aux question de la justice pour massacre, vols et violation de droits humains\u00a0\u00bb . Ce 7 f\u00e9vrier 2021 &hellip;<\/p>\n","protected":false},"author":4,"featured_media":1680,"comment_status":"open","ping_status":"open","sticky":false,"template":"","format":"standard","meta":{"footnotes":""},"categories":[104],"tags":[],"class_list":["post-1673","post","type-post","status-publish","format-standard","has-post-thumbnail","","category-actualite"],"_links":{"self":[{"href":"https:\/\/unissonshaiti.com\/index.php?rest_route=\/wp\/v2\/posts\/1673","targetHints":{"allow":["GET"]}}],"collection":[{"href":"https:\/\/unissonshaiti.com\/index.php?rest_route=\/wp\/v2\/posts"}],"about":[{"href":"https:\/\/unissonshaiti.com\/index.php?rest_route=\/wp\/v2\/types\/post"}],"author":[{"embeddable":true,"href":"https:\/\/unissonshaiti.com\/index.php?rest_route=\/wp\/v2\/users\/4"}],"replies":[{"embeddable":true,"href":"https:\/\/unissonshaiti.com\/index.php?rest_route=%2Fwp%2Fv2%2Fcomments&post=1673"}],"version-history":[{"count":1,"href":"https:\/\/unissonshaiti.com\/index.php?rest_route=\/wp\/v2\/posts\/1673\/revisions"}],"predecessor-version":[{"id":1682,"href":"https:\/\/unissonshaiti.com\/index.php?rest_route=\/wp\/v2\/posts\/1673\/revisions\/1682"}],"wp:featuredmedia":[{"embeddable":true,"href":"https:\/\/unissonshaiti.com\/index.php?rest_route=\/wp\/v2\/media\/1680"}],"wp:attachment":[{"href":"https:\/\/unissonshaiti.com\/index.php?rest_route=%2Fwp%2Fv2%2Fmedia&parent=1673"}],"wp:term":[{"taxonomy":"category","embeddable":true,"href":"https:\/\/unissonshaiti.com\/index.php?rest_route=%2Fwp%2Fv2%2Fcategories&post=1673"},{"taxonomy":"post_tag","embeddable":true,"href":"https:\/\/unissonshaiti.com\/index.php?rest_route=%2Fwp%2Fv2%2Ftags&post=1673"}],"curies":[{"name":"wp","href":"https:\/\/api.w.org\/{rel}","templated":true}]}}