{"id":12445,"date":"2022-10-03T17:10:08","date_gmt":"2022-10-03T17:10:08","guid":{"rendered":"https:\/\/unissonshaiti.com\/?p=12445"},"modified":"2022-10-03T17:11:34","modified_gmt":"2022-10-03T17:11:34","slug":"la-rentree-se-fera-peu-a-peu-a-declare-le-ministere-de-leducation","status":"publish","type":"post","link":"https:\/\/unissonshaiti.com\/?p=12445","title":{"rendered":"La rentr\u00e9e des classes se fera peu \u00e0 peu, a d\u00e9clar\u00e9 le Minist\u00e8re de l&rsquo;Education"},"content":{"rendered":"<div style=\"margin-top: 0px; margin-bottom: 0px;\" class=\"sharethis-inline-share-buttons\" ><\/div>\n<p>Le Minist\u00e8re de l&rsquo;Education a publi\u00e9 un communiqu\u00e9 sur la rentr\u00e9e scolaire. Il n&rsquo;a donn\u00e9 aucune pr\u00e9cision, alternative r\u00e9elle sur l&rsquo;\u00e9chec de la r\u00e9ouverture pr\u00e9vue au 3 octobre 2022.<\/p>\n\n\n\n<p>Il a fait un constat d&rsquo;\u00e9chec et a fait montre de comprehension par rapport au contexte de crise qui fragilise la rentr\u00e9e des classes.<\/p>\n\n\n\n<p>Le Minist\u00e8re de l&rsquo;Education a indiqu\u00e9 que le gouvernement fait des efforts pour permettre la rentr\u00e9e effective. La date de la rentr\u00e9e n&rsquo;a pas \u00e9t\u00e9 report\u00e9e. Un appel \u00e0 conscience a \u00e9t\u00e9 lanc\u00e9 pour prot\u00e9ger le droit \u00e0 l&rsquo;Education en toutes circonstances. La rentr\u00e9e se fera petit \u00e0 petit, a d\u00e9clar\u00e9 le Minist\u00e8re pour toute assurance.<\/p>\n\n\n\n<p><strong>Unissons Nous<\/strong><\/p>\n\n\n\n<p><\/p>\n","protected":false},"excerpt":{"rendered":"<p>Le Minist\u00e8re de l&rsquo;Education a publi\u00e9 un communiqu\u00e9 sur la rentr\u00e9e scolaire. Il n&rsquo;a donn\u00e9 aucune pr\u00e9cision, alternative r\u00e9elle sur l&rsquo;\u00e9chec de la r\u00e9ouverture pr\u00e9vue au 3 octobre 2022. Il a fait un constat d&rsquo;\u00e9chec et a fait montre de comprehension par rapport au contexte de crise qui fragilise la rentr\u00e9e des classes. Le Minist\u00e8re &hellip;<\/p>\n","protected":false},"author":3,"featured_media":12446,"comment_status":"open","ping_status":"open","sticky":false,"template":"","format":"standard","meta":{"footnotes":""},"categories":[105],"tags":[],"class_list":["post-12445","post","type-post","status-publish","format-standard","has-post-thumbnail","","category-politique"],"_links":{"self":[{"href":"https:\/\/unissonshaiti.com\/index.php?rest_route=\/wp\/v2\/posts\/12445","targetHints":{"allow":["GET"]}}],"collection":[{"href":"https:\/\/unissonshaiti.com\/index.php?rest_route=\/wp\/v2\/posts"}],"about":[{"href":"https:\/\/unissonshaiti.com\/index.php?rest_route=\/wp\/v2\/types\/post"}],"author":[{"embeddable":true,"href":"https:\/\/unissonshaiti.com\/index.php?rest_route=\/wp\/v2\/users\/3"}],"replies":[{"embeddable":true,"href":"https:\/\/unissonshaiti.com\/index.php?rest_route=%2Fwp%2Fv2%2Fcomments&post=12445"}],"version-history":[{"count":2,"href":"https:\/\/unissonshaiti.com\/index.php?rest_route=\/wp\/v2\/posts\/12445\/revisions"}],"predecessor-version":[{"id":12448,"href":"https:\/\/unissonshaiti.com\/index.php?rest_route=\/wp\/v2\/posts\/12445\/revisions\/12448"}],"wp:featuredmedia":[{"embeddable":true,"href":"https:\/\/unissonshaiti.com\/index.php?rest_route=\/wp\/v2\/media\/12446"}],"wp:attachment":[{"href":"https:\/\/unissonshaiti.com\/index.php?rest_route=%2Fwp%2Fv2%2Fmedia&parent=12445"}],"wp:term":[{"taxonomy":"category","embeddable":true,"href":"https:\/\/unissonshaiti.com\/index.php?rest_route=%2Fwp%2Fv2%2Fcategories&post=12445"},{"taxonomy":"post_tag","embeddable":true,"href":"https:\/\/unissonshaiti.com\/index.php?rest_route=%2Fwp%2Fv2%2Ftags&post=12445"}],"curies":[{"name":"wp","href":"https:\/\/api.w.org\/{rel}","templated":true}]}}