{"id":11918,"date":"2022-06-29T23:45:26","date_gmt":"2022-06-29T23:45:26","guid":{"rendered":"https:\/\/unissonshaiti.com\/?p=11918"},"modified":"2022-06-29T22:46:21","modified_gmt":"2022-06-29T22:46:21","slug":"lukraine-decrete-trois-jours-de-deuil-pour-lattaque-russe-contre-un-centre-commercial-a-krementchouk","status":"publish","type":"post","link":"https:\/\/unissonshaiti.com\/?p=11918","title":{"rendered":"L&rsquo;Ukraine d\u00e9cr\u00e8te trois jours de deuil pour l&rsquo;attaque russe contre un centre commercial \u00e0 Krementchouk"},"content":{"rendered":"<div style=\"margin-top: 0px; margin-bottom: 0px;\" class=\"sharethis-inline-share-buttons\" ><\/div>\n<p>Les autorit\u00e9s ukrainiennes ont d\u00e9cr\u00e9t\u00e9  trois jours de deuil pour la mort de 20 personnes dans un attentat men\u00e9 lundi par les forces russes contre un centre commercial de la ville de Krementchouk , un \u00e9v\u00e9nement qui a \u00e9galement fait une soixantaine de bless\u00e9s.<\/p>\n\n\n\n<p>\u00ab\u00a0Le bureau du maire a annonc\u00e9 trois jours de deuil les 28, 29 et 30 juin pour les victimes de l&rsquo;attaque au missile contre le centre commercial Amstor\u00a0\u00bb, a d\u00e9clar\u00e9 le maire de la ville, Vitali Maletski, dans un message publi\u00e9 sur son compte Telegram .<\/p>\n\n\n\n<p>\u00ab\u00a0J&rsquo;exprime mes sinc\u00e8res condol\u00e9ances aux familles et aux amis des victimes\u00a0\u00bb, a-t-il dit, avant d&rsquo;ajouter que \u00ab\u00a0ce qui s&rsquo;est pass\u00e9 est la plus grande trag\u00e9die de l&rsquo;histoire moderne de Krementchouk\u00a0\u00bb. \u00ab\u00a0La communaut\u00e9 de Krementchouk demande que les responsables de la guerre et des attaques contre les civils soient traduits en justice. Nous n&rsquo;oublierons pas, nous ne pardonnerons pas\u00a0\u00bb, a-t-il soulign\u00e9.<\/p>\n\n\n\n<p>Le gouvernement russe a d\u00e9clar\u00e9 ce mardi que l&rsquo;attaque avait atteint un entrep\u00f4t d&rsquo;armes livr\u00e9 par les \u00c9tats-Unis et d&rsquo;autres pays occidentaux. \u00ab\u00a0L&rsquo;explosion de munitions occidentales stock\u00e9es a provoqu\u00e9 un incendie dans un centre commercial qui n&rsquo;\u00e9tait pas en activit\u00e9 et qui \u00e9tait situ\u00e9 \u00e0 c\u00f4t\u00e9 de l&rsquo;entrep\u00f4t\u00a0\u00bb, a d\u00e9clar\u00e9 de son c\u00f4t\u00e9 le porte-parole du minist\u00e8re russe de la D\u00e9fense, Igor Konashenkov.<\/p>\n\n\n\n<p>Faut-il rappeler que pr\u00e9sident de l&rsquo;Ukraine, Volodimir Zelenski, a d\u00e9clar\u00e9 lundi qu&rsquo;il y avait plus d&rsquo;un millier de personnes \u00e0 l&rsquo;int\u00e9rieur de ces installations , tout en d\u00e9non\u00e7ant que \u00ab\u00a0l&rsquo;attaque russe contre le centre commercial Amstor \u00e0 Krementchouk n&rsquo;a d&rsquo;autre but que de terroriser les Ukrainiens\u00a0\u00bb. \u00ab\u00a0C&rsquo;est un endroit civil o\u00f9 les Ukrainiens pacifiques viennent faire leurs courses. Il devient de plus en plus clair que l&rsquo;objectif de la Russie est le g\u00e9nocide des Ukrainiens\u00a0\u00bb s&rsquo;est-il alarm\u00e9.<\/p>\n","protected":false},"excerpt":{"rendered":"<p>Les autorit\u00e9s ukrainiennes ont d\u00e9cr\u00e9t\u00e9 trois jours de deuil pour la mort de 20 personnes dans un attentat men\u00e9 lundi par les forces russes contre un centre commercial de la ville de Krementchouk , un \u00e9v\u00e9nement qui a \u00e9galement fait une soixantaine de bless\u00e9s. \u00ab\u00a0Le bureau du maire a annonc\u00e9 trois jours de deuil les &hellip;<\/p>\n","protected":false},"author":6,"featured_media":11934,"comment_status":"open","ping_status":"open","sticky":false,"template":"","format":"standard","meta":{"footnotes":""},"categories":[104,154,108,105],"tags":[],"class_list":["post-11918","post","type-post","status-publish","format-standard","has-post-thumbnail","","category-actualite","category-justice","category-world","category-politique"],"_links":{"self":[{"href":"https:\/\/unissonshaiti.com\/index.php?rest_route=\/wp\/v2\/posts\/11918","targetHints":{"allow":["GET"]}}],"collection":[{"href":"https:\/\/unissonshaiti.com\/index.php?rest_route=\/wp\/v2\/posts"}],"about":[{"href":"https:\/\/unissonshaiti.com\/index.php?rest_route=\/wp\/v2\/types\/post"}],"author":[{"embeddable":true,"href":"https:\/\/unissonshaiti.com\/index.php?rest_route=\/wp\/v2\/users\/6"}],"replies":[{"embeddable":true,"href":"https:\/\/unissonshaiti.com\/index.php?rest_route=%2Fwp%2Fv2%2Fcomments&post=11918"}],"version-history":[{"count":2,"href":"https:\/\/unissonshaiti.com\/index.php?rest_route=\/wp\/v2\/posts\/11918\/revisions"}],"predecessor-version":[{"id":11935,"href":"https:\/\/unissonshaiti.com\/index.php?rest_route=\/wp\/v2\/posts\/11918\/revisions\/11935"}],"wp:featuredmedia":[{"embeddable":true,"href":"https:\/\/unissonshaiti.com\/index.php?rest_route=\/wp\/v2\/media\/11934"}],"wp:attachment":[{"href":"https:\/\/unissonshaiti.com\/index.php?rest_route=%2Fwp%2Fv2%2Fmedia&parent=11918"}],"wp:term":[{"taxonomy":"category","embeddable":true,"href":"https:\/\/unissonshaiti.com\/index.php?rest_route=%2Fwp%2Fv2%2Fcategories&post=11918"},{"taxonomy":"post_tag","embeddable":true,"href":"https:\/\/unissonshaiti.com\/index.php?rest_route=%2Fwp%2Fv2%2Ftags&post=11918"}],"curies":[{"name":"wp","href":"https:\/\/api.w.org\/{rel}","templated":true}]}}