{"id":11573,"date":"2022-05-26T04:22:25","date_gmt":"2022-05-26T04:22:25","guid":{"rendered":"https:\/\/unissonshaiti.com\/?p=11573"},"modified":"2022-05-26T03:20:17","modified_gmt":"2022-05-26T03:20:17","slug":"des-dizaines-de-journalistes-formes-sur-la-malaria","status":"publish","type":"post","link":"https:\/\/unissonshaiti.com\/?p=11573","title":{"rendered":"Des dizaines de journalistes form\u00e9s sur la Malaria"},"content":{"rendered":"<div style=\"margin-top: 0px; margin-bottom: 0px;\" class=\"sharethis-inline-share-buttons\" ><\/div>\n<p>L&rsquo;Unit\u00e9 de Coordination des maladies Infectieuses et Transmissibles du Minist\u00e8re de la Sant\u00e9 Publique et de la Population a r\u00e9alis\u00e9 \u00e0 P\u00e9tion-Ville 3 jours de formation pour des dizaines de journalistes du d\u00e9partement de l&rsquo;Ouest sur le paludisme.<\/p>\n\n\n\n<p>Les responsables du minist\u00e8re se disent convaincus que cette formation permettra au minist\u00e8re d&rsquo;obtenir le plein support de la presse pour mettre fin au paludisme en Ha\u00efti d\u2019ici 2025.<\/p>\n\n\n\n<p>Cette formation a \u00e9t\u00e9 l&rsquo;occasion pour le Minist\u00e8re de la Sant\u00e9 Publique et de la Population de contribuer au renforcement des capacit\u00e9s techniques des travailleurs de la presse pour un meilleur traitement des sujets li\u00e9s \u00e0 la malaria.<\/p>\n\n\n\n<p>Ha\u00efti est l&rsquo;un des rares pays o\u00f9 le paludisme est encore end\u00e9mique. Plus de 241 millions de nouveaux cas de paludisme ont \u00e9t\u00e9 d\u00e9couverts dans le monde, faisant 627 000 morts.<\/p>\n\n\n\n<p>Il faut souligner que le Minist\u00e8re de la Sant\u00e9 et de la Population m\u00e8ne une campagne de communication, de sensibilisation et de d\u00e9pistage du paludisme du 25 avril au 30 juin 2022.<\/p>\n","protected":false},"excerpt":{"rendered":"<p>L&rsquo;Unit\u00e9 de Coordination des maladies Infectieuses et Transmissibles du Minist\u00e8re de la Sant\u00e9 Publique et de la Population a r\u00e9alis\u00e9 \u00e0 P\u00e9tion-Ville 3 jours de formation pour des dizaines de journalistes du d\u00e9partement de l&rsquo;Ouest sur le paludisme. Les responsables du minist\u00e8re se disent convaincus que cette formation permettra au minist\u00e8re d&rsquo;obtenir le plein support &hellip;<\/p>\n","protected":false},"author":6,"featured_media":11572,"comment_status":"open","ping_status":"open","sticky":false,"template":"","format":"standard","meta":{"footnotes":""},"categories":[104,105],"tags":[],"class_list":["post-11573","post","type-post","status-publish","format-standard","has-post-thumbnail","","category-actualite","category-politique"],"_links":{"self":[{"href":"https:\/\/unissonshaiti.com\/index.php?rest_route=\/wp\/v2\/posts\/11573","targetHints":{"allow":["GET"]}}],"collection":[{"href":"https:\/\/unissonshaiti.com\/index.php?rest_route=\/wp\/v2\/posts"}],"about":[{"href":"https:\/\/unissonshaiti.com\/index.php?rest_route=\/wp\/v2\/types\/post"}],"author":[{"embeddable":true,"href":"https:\/\/unissonshaiti.com\/index.php?rest_route=\/wp\/v2\/users\/6"}],"replies":[{"embeddable":true,"href":"https:\/\/unissonshaiti.com\/index.php?rest_route=%2Fwp%2Fv2%2Fcomments&post=11573"}],"version-history":[{"count":1,"href":"https:\/\/unissonshaiti.com\/index.php?rest_route=\/wp\/v2\/posts\/11573\/revisions"}],"predecessor-version":[{"id":11574,"href":"https:\/\/unissonshaiti.com\/index.php?rest_route=\/wp\/v2\/posts\/11573\/revisions\/11574"}],"wp:featuredmedia":[{"embeddable":true,"href":"https:\/\/unissonshaiti.com\/index.php?rest_route=\/wp\/v2\/media\/11572"}],"wp:attachment":[{"href":"https:\/\/unissonshaiti.com\/index.php?rest_route=%2Fwp%2Fv2%2Fmedia&parent=11573"}],"wp:term":[{"taxonomy":"category","embeddable":true,"href":"https:\/\/unissonshaiti.com\/index.php?rest_route=%2Fwp%2Fv2%2Fcategories&post=11573"},{"taxonomy":"post_tag","embeddable":true,"href":"https:\/\/unissonshaiti.com\/index.php?rest_route=%2Fwp%2Fv2%2Ftags&post=11573"}],"curies":[{"name":"wp","href":"https:\/\/api.w.org\/{rel}","templated":true}]}}