{"id":11391,"date":"2022-05-13T19:42:04","date_gmt":"2022-05-13T19:42:04","guid":{"rendered":"https:\/\/unissonshaiti.com\/?p=11391"},"modified":"2022-05-13T19:42:08","modified_gmt":"2022-05-13T19:42:08","slug":"mandat-damener-contre-lex-ministre-evans-lescouflair","status":"publish","type":"post","link":"https:\/\/unissonshaiti.com\/?p=11391","title":{"rendered":"Mandat d\u2019amener contre l\u2019ex ministre Evans Lescouflair"},"content":{"rendered":"<div style=\"margin-top: 0px; margin-bottom: 0px;\" class=\"sharethis-inline-share-buttons\" ><\/div>\n<p><strong><em>Port<\/em>-au-Prince, vendredi 13 mai 2022[ UNISSONS INFOS]<\/strong><\/p>\n\n\n\n<p><strong><em>L\u2019ancien Ministre de la jeunesse, des sports et de l\u2019action civique, Evans Lescouflair a boud\u00e9 hier jeudi 12 Mai 2022, l\u2019invitation qui lui a \u00e9t\u00e9 faite par le Parquet de Port-au-Prince. L\u2019ancien fonctionnaire de l\u2019\u00c9tat devrait \u00e9tre auditionn\u00e9 autour des accusations de viols suivis d\u2019agressions sexuelles sur Claude Alix Bertrand et Wilner Odig\u00e9. En cons\u00e9quence \u00e0 sa non-pr\u00e9sentation, le Parquet de ce ressort \u00e9met un mandat d\u2019amner \u00e0 son encontre<\/em><\/strong>.<\/p>\n\n\n\n<p>Le Commissaire du Gouvernement demande \u00e0 la direction centrale de la police judiciaire d\u2019arr\u00eater et de conduire au parquet, l\u2019ancien ministre.<\/p>\n\n\n\n<p>Cette d\u00e9cision a \u00e9t\u00e9 prise apr\u00e8s que l\u2019ancien titulaire a boud\u00e9 une invitation du parquet en date du 12 mai 2022. Il s\u2019\u00e9tait fait repr\u00e9senter par son avocat.<\/p>\n","protected":false},"excerpt":{"rendered":"<p>Port-au-Prince, vendredi 13 mai 2022[ UNISSONS INFOS] L\u2019ancien Ministre de la jeunesse, des sports et de l\u2019action civique, Evans Lescouflair a boud\u00e9 hier jeudi 12 Mai 2022, l\u2019invitation qui lui a \u00e9t\u00e9 faite par le Parquet de Port-au-Prince. L\u2019ancien fonctionnaire de l\u2019\u00c9tat devrait \u00e9tre auditionn\u00e9 autour des accusations de viols suivis d\u2019agressions sexuelles sur Claude &hellip;<\/p>\n","protected":false},"author":4,"featured_media":11392,"comment_status":"open","ping_status":"open","sticky":false,"template":"","format":"standard","meta":{"footnotes":""},"categories":[104],"tags":[],"class_list":["post-11391","post","type-post","status-publish","format-standard","has-post-thumbnail","","category-actualite"],"_links":{"self":[{"href":"https:\/\/unissonshaiti.com\/index.php?rest_route=\/wp\/v2\/posts\/11391","targetHints":{"allow":["GET"]}}],"collection":[{"href":"https:\/\/unissonshaiti.com\/index.php?rest_route=\/wp\/v2\/posts"}],"about":[{"href":"https:\/\/unissonshaiti.com\/index.php?rest_route=\/wp\/v2\/types\/post"}],"author":[{"embeddable":true,"href":"https:\/\/unissonshaiti.com\/index.php?rest_route=\/wp\/v2\/users\/4"}],"replies":[{"embeddable":true,"href":"https:\/\/unissonshaiti.com\/index.php?rest_route=%2Fwp%2Fv2%2Fcomments&post=11391"}],"version-history":[{"count":1,"href":"https:\/\/unissonshaiti.com\/index.php?rest_route=\/wp\/v2\/posts\/11391\/revisions"}],"predecessor-version":[{"id":11393,"href":"https:\/\/unissonshaiti.com\/index.php?rest_route=\/wp\/v2\/posts\/11391\/revisions\/11393"}],"wp:featuredmedia":[{"embeddable":true,"href":"https:\/\/unissonshaiti.com\/index.php?rest_route=\/wp\/v2\/media\/11392"}],"wp:attachment":[{"href":"https:\/\/unissonshaiti.com\/index.php?rest_route=%2Fwp%2Fv2%2Fmedia&parent=11391"}],"wp:term":[{"taxonomy":"category","embeddable":true,"href":"https:\/\/unissonshaiti.com\/index.php?rest_route=%2Fwp%2Fv2%2Fcategories&post=11391"},{"taxonomy":"post_tag","embeddable":true,"href":"https:\/\/unissonshaiti.com\/index.php?rest_route=%2Fwp%2Fv2%2Ftags&post=11391"}],"curies":[{"name":"wp","href":"https:\/\/api.w.org\/{rel}","templated":true}]}}