{"id":11069,"date":"2022-04-23T22:01:37","date_gmt":"2022-04-23T22:01:37","guid":{"rendered":"https:\/\/unissonshaiti.com\/?p=11069"},"modified":"2022-04-23T22:01:40","modified_gmt":"2022-04-23T22:01:40","slug":"le-secretaire-general-de-lonu-rencontrera-separement-poutine-et-zelenskyy-la-semaine-prochaine","status":"publish","type":"post","link":"https:\/\/unissonshaiti.com\/?p=11069","title":{"rendered":"Le Secr\u00e9taire g\u00e9n\u00e9ral de l&rsquo;ONU rencontrera s\u00e9par\u00e9ment Poutine et Zelenskyy la semaine prochaine"},"content":{"rendered":"<div style=\"margin-top: 0px; margin-bottom: 0px;\" class=\"sharethis-inline-share-buttons\" ><\/div>\n<p><strong><em>Port-au-Prince, samedi 23 avril 2022[ UNISSONS INFOS]<\/em><\/strong><\/p>\n\n\n\n<p><strong><em>Le secr\u00e9taire g\u00e9n\u00e9ral des Nations Unies, Antonio Guterres, se rendra mardi \u00e0 Moscou pour y rencontrer le pr\u00e9sident russe Vladimir Poutine, a annonc\u00e9 vendredi son porte-parole, Eri Kaneko.<\/em><\/strong><\/p>\n\n\n\n<p>\u00ab Le mardi 26 avril, le secr\u00e9taire g\u00e9n\u00e9ral de l\u2019ONU Antonio Guterres arrivera \u00e0 Moscou pour des discussions avec le ministre russe des Affaires \u00e9trang\u00e8res Sergue\u00ef Lavrov. Il sera \u00e9galement re\u00e7u par le pr\u00e9sident Vladimir Poutine \u00bb, a d\u00e9clar\u00e9 le porte-parole du Kremlin, Dmitri Peskov, cit\u00e9 par les agences de presse russes.<\/p>\n\n\n\n<p>Il tiendra une r\u00e9union de travail avec le ministre des Affaires \u00e9trang\u00e8res, Dmytro Kuleba, et sera re\u00e7u par le pr\u00e9sident Volodymyr Zelenskyy, le 28 avril<\/p>\n\n\n\n<p>Le secr\u00e9taire g\u00e9n\u00e9ral de l&rsquo;ONU \u00ab\u00a0esp\u00e8re parler de ce qui peut \u00eatre fait pour ramener la paix en Ukraine de toute urgence\u00a0\u00bb, a d\u00e9clar\u00e9 le porte-parole.<\/p>\n","protected":false},"excerpt":{"rendered":"<p>Port-au-Prince, samedi 23 avril 2022[ UNISSONS INFOS] Le secr\u00e9taire g\u00e9n\u00e9ral des Nations Unies, Antonio Guterres, se rendra mardi \u00e0 Moscou pour y rencontrer le pr\u00e9sident russe Vladimir Poutine, a annonc\u00e9 vendredi son porte-parole, Eri Kaneko. \u00ab Le mardi 26 avril, le secr\u00e9taire g\u00e9n\u00e9ral de l\u2019ONU Antonio Guterres arrivera \u00e0 Moscou pour des discussions avec le &hellip;<\/p>\n","protected":false},"author":4,"featured_media":11071,"comment_status":"open","ping_status":"open","sticky":false,"template":"","format":"standard","meta":{"footnotes":""},"categories":[104],"tags":[],"class_list":["post-11069","post","type-post","status-publish","format-standard","has-post-thumbnail","","category-actualite"],"_links":{"self":[{"href":"https:\/\/unissonshaiti.com\/index.php?rest_route=\/wp\/v2\/posts\/11069","targetHints":{"allow":["GET"]}}],"collection":[{"href":"https:\/\/unissonshaiti.com\/index.php?rest_route=\/wp\/v2\/posts"}],"about":[{"href":"https:\/\/unissonshaiti.com\/index.php?rest_route=\/wp\/v2\/types\/post"}],"author":[{"embeddable":true,"href":"https:\/\/unissonshaiti.com\/index.php?rest_route=\/wp\/v2\/users\/4"}],"replies":[{"embeddable":true,"href":"https:\/\/unissonshaiti.com\/index.php?rest_route=%2Fwp%2Fv2%2Fcomments&post=11069"}],"version-history":[{"count":2,"href":"https:\/\/unissonshaiti.com\/index.php?rest_route=\/wp\/v2\/posts\/11069\/revisions"}],"predecessor-version":[{"id":11072,"href":"https:\/\/unissonshaiti.com\/index.php?rest_route=\/wp\/v2\/posts\/11069\/revisions\/11072"}],"wp:featuredmedia":[{"embeddable":true,"href":"https:\/\/unissonshaiti.com\/index.php?rest_route=\/wp\/v2\/media\/11071"}],"wp:attachment":[{"href":"https:\/\/unissonshaiti.com\/index.php?rest_route=%2Fwp%2Fv2%2Fmedia&parent=11069"}],"wp:term":[{"taxonomy":"category","embeddable":true,"href":"https:\/\/unissonshaiti.com\/index.php?rest_route=%2Fwp%2Fv2%2Fcategories&post=11069"},{"taxonomy":"post_tag","embeddable":true,"href":"https:\/\/unissonshaiti.com\/index.php?rest_route=%2Fwp%2Fv2%2Ftags&post=11069"}],"curies":[{"name":"wp","href":"https:\/\/api.w.org\/{rel}","templated":true}]}}