{"id":10798,"date":"2022-04-06T04:11:51","date_gmt":"2022-04-06T04:11:51","guid":{"rendered":"https:\/\/unissonshaiti.com\/?p=10798"},"modified":"2022-04-06T04:11:54","modified_gmt":"2022-04-06T04:11:54","slug":"francisco-echeverri-lara-vice-ministre-des-relations-exterieures-de-la-colombie-rend-visite-au-premier-ministre-haitien","status":"publish","type":"post","link":"https:\/\/unissonshaiti.com\/?p=10798","title":{"rendered":"Francisco Echeverri Lara, vice-ministre des relations ext\u00e9rieures de la Colombie rend visite au premier ministre ha\u00eftien."},"content":{"rendered":"<div style=\"margin-top: 0px; margin-bottom: 0px;\" class=\"sharethis-inline-share-buttons\" ><\/div>\n<p>Le vice-ministre des relations ext\u00e9rieures de la Colombie, Francisco Echeverri Lara a rendu visite au premier ministre Ariel Henry le mardi 5 Avril 2022. Leurs discussions tournaient autour du renforcement de la coop\u00e9ration entre les deux pays et la situation des prisonniers colombiens en Ha\u00efti.<br><br>Suivant un message publi\u00e9 sur le compte Twitter de la Primature, les deux hommes d\u2019\u00c9tat, en pr\u00e9sence du ministre des affaires \u00e9trang\u00e8res et de celui de la justice, ont discut\u00e9 du renforcement de la coop\u00e9ration entre les deux pays et de la situation des prisonniers colombiens en Ha\u00efti.<br><br>Ils ont aussi \u00e9voqu\u00e9 le dossier de l\u2019enqu\u00eate sur l\u2019assassinat du Pr\u00e9sident Jovenel Mo\u00efse et renouvel\u00e9 l\u2019engagement de leur gouvernement respectif en faveur d\u2019un proc\u00e8s \u00e9quitable, \u00e9crit le bureau du premier ministre.<br><br><\/p>\n","protected":false},"excerpt":{"rendered":"<p>Le vice-ministre des relations ext\u00e9rieures de la Colombie, Francisco Echeverri Lara a rendu visite au premier ministre Ariel Henry le mardi 5 Avril 2022. Leurs discussions tournaient autour du renforcement de la coop\u00e9ration entre les deux pays et la situation des prisonniers colombiens en Ha\u00efti.Suivant un message publi\u00e9 sur le compte Twitter de la Primature, &hellip;<\/p>\n","protected":false},"author":5,"featured_media":10799,"comment_status":"open","ping_status":"open","sticky":false,"template":"","format":"standard","meta":{"footnotes":""},"categories":[105],"tags":[],"class_list":["post-10798","post","type-post","status-publish","format-standard","has-post-thumbnail","","category-politique"],"_links":{"self":[{"href":"https:\/\/unissonshaiti.com\/index.php?rest_route=\/wp\/v2\/posts\/10798","targetHints":{"allow":["GET"]}}],"collection":[{"href":"https:\/\/unissonshaiti.com\/index.php?rest_route=\/wp\/v2\/posts"}],"about":[{"href":"https:\/\/unissonshaiti.com\/index.php?rest_route=\/wp\/v2\/types\/post"}],"author":[{"embeddable":true,"href":"https:\/\/unissonshaiti.com\/index.php?rest_route=\/wp\/v2\/users\/5"}],"replies":[{"embeddable":true,"href":"https:\/\/unissonshaiti.com\/index.php?rest_route=%2Fwp%2Fv2%2Fcomments&post=10798"}],"version-history":[{"count":1,"href":"https:\/\/unissonshaiti.com\/index.php?rest_route=\/wp\/v2\/posts\/10798\/revisions"}],"predecessor-version":[{"id":10800,"href":"https:\/\/unissonshaiti.com\/index.php?rest_route=\/wp\/v2\/posts\/10798\/revisions\/10800"}],"wp:featuredmedia":[{"embeddable":true,"href":"https:\/\/unissonshaiti.com\/index.php?rest_route=\/wp\/v2\/media\/10799"}],"wp:attachment":[{"href":"https:\/\/unissonshaiti.com\/index.php?rest_route=%2Fwp%2Fv2%2Fmedia&parent=10798"}],"wp:term":[{"taxonomy":"category","embeddable":true,"href":"https:\/\/unissonshaiti.com\/index.php?rest_route=%2Fwp%2Fv2%2Fcategories&post=10798"},{"taxonomy":"post_tag","embeddable":true,"href":"https:\/\/unissonshaiti.com\/index.php?rest_route=%2Fwp%2Fv2%2Ftags&post=10798"}],"curies":[{"name":"wp","href":"https:\/\/api.w.org\/{rel}","templated":true}]}}