{"id":10076,"date":"2022-02-24T18:28:19","date_gmt":"2022-02-24T18:28:19","guid":{"rendered":"https:\/\/unissonshaiti.com\/?p=10076"},"modified":"2022-02-24T18:28:20","modified_gmt":"2022-02-24T18:28:20","slug":"attaque-en-ukraine-la-planete-condamne-presque-unanimement-la-decision-de-poutine","status":"publish","type":"post","link":"https:\/\/unissonshaiti.com\/?p=10076","title":{"rendered":"Attaque en Ukraine: la plan\u00e8te condamne (presque) unanimement la d\u00e9cision de Poutine"},"content":{"rendered":"<div style=\"margin-top: 0px; margin-bottom: 0px;\" class=\"sharethis-inline-share-buttons\" ><\/div>\n<p><strong><em>Port-au-Prince, jeudi 24 f\u00e9vrier 2022[ UNISSONS INFOS]<\/em><\/strong><\/p>\n\n\n\n<p><strong><em>L\u2019annonce du lancement par le pr\u00e9sident russe d\u2019une \u00abop\u00e9ration militaire\u00bb, aussit\u00f4t suivie d\u2019explosions dans plusieurs villes ukrainiennes, a suscit\u00e9 de nombreuses r\u00e9actions dans le monde.<\/em><\/strong><\/p>\n\n\n\n<p>Le pr\u00e9sident am\u00e9ricain Joe Biden a d\u00e9nonc\u00e9 \u00abl\u2019attaque injustifi\u00e9e\u00bb de la Russie contre l\u2019Ukraine. \u00abLe pr\u00e9sident Poutine a choisi (de lancer) une guerre pr\u00e9m\u00e9dit\u00e9e qui entra\u00eenera des souffrances et pertes humaines catastrophiques\u00bb, a dit Joe Biden dans un communiqu\u00e9. \u00abLa Russie, seule, est responsable de la mort et de la destruction que cette attaque provoquera\u00bb, a insist\u00e9 le chef de l\u2019Etat am\u00e9ricain, qui dosait jusqu\u2019\u00e0 pr\u00e9sent sa riposte, assurant que \u00able monde exigerait des comptes de la Russie\u00bb<\/p>\n\n\n\n<p>L&rsquo;invasion de l&rsquo;Ukraine d\u00e9clench\u00e9e ce  jeudi par le pr\u00e9sident russe Vladimir  Poutine suscite une vague de condamnations, principalement chez les Occidentaux mais \u00e9galement de la Turquie et jusqu&rsquo;au scepticisme de l&rsquo;Iran, mais la compr\u00e9hension de la Chine.<\/p>\n\n\n\n<ul class=\"wp-block-list\"><li><strong>ONU<\/strong> &#8211;<\/li><\/ul>\n\n\n\n<p>\u00ab\u00a0Au nom de l&rsquo;humanit\u00e9, ramenez vos troupes en Russie !\u00a0\u00bb, a demand\u00e9 \u00e0 Vladimir Poutine le secr\u00e9taire g\u00e9n\u00e9ral des Nations unies, Antonio Guterres.<\/p>\n\n\n\n<ul class=\"wp-block-list\"><li><strong>Union europ\u00e9enne &#8211;<\/strong><\/li><\/ul>\n\n\n\n<p>\u00ab\u00a0Nous condamnons fermement l&rsquo;attaque injustifi\u00e9e de l&rsquo;Ukraine par la Russie\u00a0\u00bb, ont d\u00e9clar\u00e9 la pr\u00e9sidente de la Commission europ\u00e9enne Ursula von der Leyen et le pr\u00e9sident du Conseil europ\u00e9en Charles Michel, estimant que cette offensive est \u00ab\u00a0non-provoqu\u00e9e\u00a0\u00bb.<\/p>\n\n\n\n<p>Les Vingt-Sept pr\u00e9parent un nouveau train de sanctions, le \u00ab\u00a0plus s\u00e9v\u00e8re jamais mis en oeuvre\u00a0\u00bb contre la Russie, qui la contraindra \u00ab\u00a0\u00e0 un isolement sans pr\u00e9c\u00e9dent\u00a0\u00bb, a d\u00e9clar\u00e9 Josep Borrell, le chef de la diplomatie de l&rsquo;UE.<\/p>\n\n\n\n<ul class=\"wp-block-list\"><li><strong>Chine<\/strong> &#8211;<\/li><\/ul>\n\n\n\n<p>La Chine \u00ab\u00a0comprend les pr\u00e9occupations raisonnables de la Russie en mati\u00e8re de s\u00e9curit\u00e9\u00a0\u00bb, a r\u00e9agi le ministre des Affaires \u00e9trang\u00e8res, Wang Yi.<\/p>\n\n\n\n<ul class=\"wp-block-list\"><li><strong>G7<\/strong> &#8211;<\/li><\/ul>\n\n\n\n<p>Pour les Sept (Allemagne, Canada, Etats-Unis, France, Italie, Japon et Royaume-Uni), l&rsquo;invasion de l&rsquo;Ukraine est \u00ab\u00a0une menace s\u00e9rieuse pour l&rsquo;ordre international\u00a0\u00bb et place M. Poutine \u00ab\u00a0du mauvais c\u00f4t\u00e9 de l&rsquo;histoire\u00a0\u00bb.<\/p>\n\n\n\n<ul class=\"wp-block-list\"><li><strong>Turquie<\/strong> &#8211;<\/li><\/ul>\n\n\n\n<p>\u00ab\u00a0Nous rejetons cette op\u00e9ration inacceptable\u00a0\u00bb, qui est \u00ab\u00a0un coup dur port\u00e9 \u00e0 la paix et \u00e0 la stabilit\u00e9 r\u00e9gionale\u00a0\u00bb, a d\u00e9clar\u00e9 le pr\u00e9sident turc Recep Tayyip Erdogan, dont le pays est membre de l&rsquo;Otan et riverain de la mer Noire, comme la Russie et l&rsquo;Ukraine.<\/p>\n\n\n\n<ul class=\"wp-block-list\"><li><strong>Iran<\/strong> &#8211;<\/li><\/ul>\n\n\n\n<p>\u00ab\u00a0Nous ne consid\u00e9rons pas la guerre comme une solution\u00a0\u00bb, a r\u00e9agi le ministre des Affaires \u00e9trang\u00e8res, Hossein Amir-Abdollahian, pour qui cependant \u00ab\u00a0la crise ukrainienne trouve ses racines dans les provocations de l&rsquo;Otan\u00a0\u00bb.<\/p>\n\n\n\n<ul class=\"wp-block-list\"><li><strong>Otan<\/strong> &#8211;<\/li><\/ul>\n\n\n\n<p>Le secr\u00e9taire g\u00e9n\u00e9ral de l&rsquo;Alliance atlantique, Jens Stoltenberg, a condamn\u00e9 \u00ab\u00a0l&rsquo;attaque t\u00e9m\u00e9raire et non provoqu\u00e9e de la Russie contre l&rsquo;Ukraine\u00a0\u00bb.<\/p>\n\n\n\n<p>Il a annonc\u00e9 un sommet des dirigeants de l&rsquo;Otan en visioconf\u00e9rence, vendredi, \u00ab\u00a0pour analyser la marche \u00e0 suivre\u00a0\u00bb et l&rsquo;activation des \u00ab\u00a0plans de d\u00e9fense afin de pouvoir d\u00e9ployer la capacit\u00e9 de la force de r\u00e9action l\u00e0 o\u00f9 ce sera n\u00e9cessaire\u00a0\u00bb.<\/p>\n\n\n\n<ul class=\"wp-block-list\"><li><strong>France<\/strong> &#8211;<\/li><\/ul>\n\n\n\n<p>Vladimir Poutine \u00ab\u00a0a d\u00e9cid\u00e9 de porter l&rsquo;atteinte la plus grave \u00e0 la paix, \u00e0 la stabilit\u00e9 dans notre Europe depuis des d\u00e9cennies\u00a0\u00bb, a d\u00e9clar\u00e9 le pr\u00e9sident Emmanuel Macron, assurant que la France et ses alli\u00e9s seraient \u00ab\u00a0sans faiblesse\u00a0\u00bb en d\u00e9cidant jeudi soir de sanctions contre la Russie \u00ab\u00a0\u00e0 la hauteur de l&rsquo;agression dont elle se rend coupable\u00a0\u00bb.<\/p>\n\n\n\n<ul class=\"wp-block-list\"><li><strong>Allemagne<\/strong> &#8211;<\/li><\/ul>\n\n\n\n<p>L&rsquo;invasion russe est \u00ab\u00a0une violation \u00e9clatante\u00a0\u00bb du droit international qui \u00ab\u00a0remet en cause la paix\u00a0\u00bb en Europe, a d\u00e9clar\u00e9 le chancelier allemand Olaf Scholz, dont le pays dit \u00eatre pr\u00eat \u00e0 \u00ab\u00a0aider massivement\u00a0\u00bb ses voisins, en particulier la Pologne, en cas d&rsquo;afflux de r\u00e9fugi\u00e9s ukrainiens.<\/p>\n\n\n\n<p>Les sanctions contre la Russie \u00ab\u00a0limiteront consid\u00e9rablement\u00a0\u00bb son acc\u00e8s aux march\u00e9s internationaux, a par ailleurs averti Berlin.<\/p>\n\n\n\n<ul class=\"wp-block-list\"><li><strong>Royaume-Uni<\/strong> &#8211;<\/li><\/ul>\n\n\n\n<p>Le Premier ministre Boris Johnson a condamn\u00e9 les \u00ab\u00a0\u00e9v\u00e9nements horribles en Ukraine\u00a0\u00bb, une \u00ab\u00a0catastrophe pour le continent\u00a0\u00bb europ\u00e9en.<\/p>\n\n\n\n<p>Qualifiant le pr\u00e9sident russe de \u00ab\u00a0dictateur\u00a0\u00bb, M. Johnson a promis des sanctions occidentales \u00ab\u00a0massives\u00a0\u00bb pour faire \u00e9chouer l'\u00a0\u00bbentreprise atroce et barbare de Vladimir Poutine\u00a0\u00bb.<\/p>\n\n\n\n<p>L&rsquo;archev\u00eaque de Cantorb\u00e9ry, Justin Welby, le primat de l&rsquo;Eglise anglicane, et l&rsquo;archev\u00eaque d&rsquo;York ont qualifi\u00e9 d'\u00a0\u00bbacte mal\u00e9fique\u00a0\u00bb l&rsquo;attaque \u00ab\u00a0horrible et non provoqu\u00e9e contre l&rsquo;Ukraine\u00a0\u00bb.<\/p>\n\n\n\n<ul class=\"wp-block-list\"><li><strong>Italie<\/strong> &#8211;<\/li><\/ul>\n\n\n\n<p>L&rsquo;attaque russe est \u00ab\u00a0injustifi\u00e9e et injustifiable\u00a0\u00bb, a jug\u00e9 le Premier ministre Mario Draghi, qui a exhort\u00e9 Moscou \u00e0 \u00ab\u00a0retirer sans conditions ses forces militaires\u00a0\u00bb entr\u00e9es en Ukraine.<\/p>\n\n\n\n<ul class=\"wp-block-list\"><li><strong>Conseil de l&rsquo;Europe &#8211;<\/strong><\/li><\/ul>\n\n\n\n<p>Le Conseil de l&rsquo;Europe, organisation intergouvernementale \u00e0 laquelle adh\u00e8re la Russie et qui avait pris des sanctions contre Moscou apr\u00e8s l&rsquo;annexion de la Crim\u00e9e en 2014, a \u00ab\u00a0fermement\u00a0\u00bb condamn\u00e9 l&rsquo;offensive russe.<\/p>\n\n\n\n<p>Il l&rsquo;a qualifi\u00e9e de \u00ab\u00a0violation flagrante\u00a0\u00bb de son statut et a promis de \u00ab\u00a0rapidement prendre les mesures\u00a0\u00bb qui s&rsquo;imposent, tout en appelant \u00ab\u00a0les autorit\u00e9s russes \u00e0 une cessation imm\u00e9diate et inconditionnelle des hostilit\u00e9s\u00a0\u00bb.<\/p>\n\n\n\n<ul class=\"wp-block-list\"><li><strong>Japon<\/strong> &#8211;<\/li><\/ul>\n\n\n\n<p>L&rsquo;attaque russe en Ukraine \u00ab\u00a0secoue les fondations de l&rsquo;ordre international\u00a0\u00bb, a d\u00e9nonc\u00e9 le Premier ministre japonais Fumio Kishida.<\/p>\n\n\n\n<ul class=\"wp-block-list\"><li><strong>Gr\u00e8ce &#8211;<\/strong><\/li><\/ul>\n\n\n\n<p>L&rsquo;invasion russe est une \u00ab\u00a0violation flagrante et non provoqu\u00e9e du droit international\u00a0\u00bb et une tentative de \u00ab\u00a0r\u00e9vision de l&rsquo;Histoire par la force arm\u00e9e\u00a0\u00bb, a jug\u00e9 le Premier ministre Kyriakos Mitsotakis.<\/p>\n\n\n\n<ul class=\"wp-block-list\"><li><strong>R\u00e9publique tch\u00e8que<\/strong> &#8211;<\/li><\/ul>\n\n\n\n<p>Le pr\u00e9sident Milos Zeman a compar\u00e9 Vladimir Poutine \u00e0 un \u00ab\u00a0fou [devant] \u00eatre isol\u00e9\u00a0\u00bb et qualifi\u00e9 l&rsquo;invasion de l&rsquo;Ukraine d'\u00a0\u00bbacte d&rsquo;agression non-provoqu\u00e9\u00a0\u00bb.<\/p>\n\n\n\n<ul class=\"wp-block-list\"><li><strong>Pologne<\/strong> &#8211;<\/li><\/ul>\n\n\n\n<p>Pour le Premier ministre Mateusz Morawiecki, l&rsquo;Ukraine \u00ab\u00a0se bat au nom de toute l&rsquo;Europe pour la libert\u00e9 contre la \u00ab\u00a0barbarie\u00a0\u00bb russe.<\/p>\n\n\n\n<p>Varsovie, qui assure la pr\u00e9sidence tournante de l&rsquo;Organisation pour la s\u00e9curit\u00e9 et la coop\u00e9ration en Europe (OSCE), a \u00e9galement condamn\u00e9 l&rsquo;invasion russe comme un \u00ab\u00a0crime contre l&rsquo;humanit\u00e9\u00a0\u00bb.<\/p>\n\n\n\n<ul class=\"wp-block-list\"><li><strong>Australie<\/strong> &#8211;<\/li><\/ul>\n\n\n\n<p>Le Premier ministre Scott Morrison a annonc\u00e9 une \u00ab\u00a0deuxi\u00e8me s\u00e9rie\u00a0\u00bb de sanctions contre des personnes civiles ou morales russes.<\/p>\n\n\n\n<ul class=\"wp-block-list\"><li><strong>Espagne<\/strong> &#8211;<\/li><\/ul>\n\n\n\n<p>Madrid \u00ab\u00a0est solidaire du gouvernement et du peuple ukrainiens\u00a0\u00bb, a tweet\u00e9 le chef du gouvernement Pedro Sanchez.<\/p>\n\n\n\n<ul class=\"wp-block-list\"><li><strong>Pays nordiques &#8211;<\/strong><\/li><\/ul>\n\n\n\n<p>La Finlande et la Su\u00e8de, non membres de l&rsquo;Otan, ont condamn\u00e9 l&rsquo;attaque russe, d\u00e9plorant chacun \u00ab\u00a0une attaque contre l&rsquo;ordre de s\u00e9curit\u00e9 europ\u00e9en\u00a0\u00bb.<\/p>\n\n\n\n<p>De son c\u00f4t\u00e9, la Norv\u00e8ge, membre de l&rsquo;Alliance atlantique, a d\u00e9nonc\u00e9 une \u00ab\u00a0grave violation du droit international\u00a0\u00bb et annonc\u00e9 le d\u00e9placement de son ambassade de Kiev \u00e0 Lviv, dans l&rsquo;ouest de l&rsquo;Ukraine. Le Danemark a qualifi\u00e9 le 24 f\u00e9vrier 2022 de \u00ab\u00a0tache dans l&rsquo;histoire de la Russie\u00a0\u00bb.<\/p>\n\n\n\n<ul class=\"wp-block-list\"><li><strong>Afrique du Sud &#8211;<\/strong><\/li><\/ul>\n\n\n\n<p>\u00ab\u00a0Constern\u00e9\u00a0\u00bb par l&rsquo;offensive russe, le minist\u00e8re des Affaires \u00e9trang\u00e8res a exhort\u00e9 Moscou \u00ab\u00a0\u00e0 retirer imm\u00e9diatement ses forces d&rsquo;Ukraine\u00a0\u00bb.<\/p>\n\n\n\n<ul class=\"wp-block-list\"><li><strong>Vatican<\/strong> &#8211;<\/li><\/ul>\n\n\n\n<p>Le Saint-Si\u00e8ge a d\u00e9plor\u00e9 que \u00ab\u00a0les sc\u00e9narios tragiques [redout\u00e9s deviennent] la r\u00e9alit\u00e9\u00a0\u00bb, mais juge qu&rsquo;il y a \u00ab\u00a0encore de l&rsquo;espace pour des n\u00e9gociations\u00a0\u00bb.<\/p>\n\n\n\n<p><strong><em>Sources: TV5MONDE, Le Monde, Lib\u00e9ration.<\/em><\/strong><\/p>\n","protected":false},"excerpt":{"rendered":"<p>Port-au-Prince, jeudi 24 f\u00e9vrier 2022[ UNISSONS INFOS] L\u2019annonce du lancement par le pr\u00e9sident russe d\u2019une \u00abop\u00e9ration militaire\u00bb, aussit\u00f4t suivie d\u2019explosions dans plusieurs villes ukrainiennes, a suscit\u00e9 de nombreuses r\u00e9actions dans le monde. Le pr\u00e9sident am\u00e9ricain Joe Biden a d\u00e9nonc\u00e9 \u00abl\u2019attaque injustifi\u00e9e\u00bb de la Russie contre l\u2019Ukraine. \u00abLe pr\u00e9sident Poutine a choisi (de lancer) une guerre &hellip;<\/p>\n","protected":false},"author":4,"featured_media":10077,"comment_status":"open","ping_status":"open","sticky":false,"template":"","format":"standard","meta":{"footnotes":""},"categories":[104],"tags":[],"class_list":["post-10076","post","type-post","status-publish","format-standard","has-post-thumbnail","","category-actualite"],"_links":{"self":[{"href":"https:\/\/unissonshaiti.com\/index.php?rest_route=\/wp\/v2\/posts\/10076","targetHints":{"allow":["GET"]}}],"collection":[{"href":"https:\/\/unissonshaiti.com\/index.php?rest_route=\/wp\/v2\/posts"}],"about":[{"href":"https:\/\/unissonshaiti.com\/index.php?rest_route=\/wp\/v2\/types\/post"}],"author":[{"embeddable":true,"href":"https:\/\/unissonshaiti.com\/index.php?rest_route=\/wp\/v2\/users\/4"}],"replies":[{"embeddable":true,"href":"https:\/\/unissonshaiti.com\/index.php?rest_route=%2Fwp%2Fv2%2Fcomments&post=10076"}],"version-history":[{"count":3,"href":"https:\/\/unissonshaiti.com\/index.php?rest_route=\/wp\/v2\/posts\/10076\/revisions"}],"predecessor-version":[{"id":10083,"href":"https:\/\/unissonshaiti.com\/index.php?rest_route=\/wp\/v2\/posts\/10076\/revisions\/10083"}],"wp:featuredmedia":[{"embeddable":true,"href":"https:\/\/unissonshaiti.com\/index.php?rest_route=\/wp\/v2\/media\/10077"}],"wp:attachment":[{"href":"https:\/\/unissonshaiti.com\/index.php?rest_route=%2Fwp%2Fv2%2Fmedia&parent=10076"}],"wp:term":[{"taxonomy":"category","embeddable":true,"href":"https:\/\/unissonshaiti.com\/index.php?rest_route=%2Fwp%2Fv2%2Fcategories&post=10076"},{"taxonomy":"post_tag","embeddable":true,"href":"https:\/\/unissonshaiti.com\/index.php?rest_route=%2Fwp%2Fv2%2Ftags&post=10076"}],"curies":[{"name":"wp","href":"https:\/\/api.w.org\/{rel}","templated":true}]}}